{"id":17508,"date":"2025-03-21T08:55:40","date_gmt":"2025-03-21T11:55:40","guid":{"rendered":"https:\/\/tv.utalca.cl\/?p=17508"},"modified":"2025-10-02T10:17:48","modified_gmt":"2025-10-02T13:17:48","slug":"mauricio-duran-guitarrista-y-fundador-de-los-bunkers-en-la-utalca-utalcatv","status":"publish","type":"post","link":"https:\/\/tv.utalca.cl\/?p=17508","title":{"rendered":"Mauricio Dur\u00e1n, guitarrista y fundador de los Bunkers en la UTalca @UTalcaTV"},"content":{"rendered":"<p>El m\u00fasico de la destacada banda chilena particip\u00f3 de un conversatorio con los estudiantes de la Universidad de Talca. En la actividad, los asistentes conocieron detalles de su trayectoria marcada por la disciplina para alcanzar el \u00e9xito.<\/p>\n","protected":false},"excerpt":{"rendered":"<p>El m\u00fasico de la destacada banda chilena particip\u00f3 de un conversatorio con los estudiantes de la Universidad de Talca. En la actividad, los asistentes conocieron detalles de su trayectoria marcada por la disciplina para alcanzar el \u00e9xito.<\/p>\n","protected":false},"author":1,"featured_media":17509,"comment_status":"closed","ping_status":"closed","sticky":false,"template":"","format":"video","meta":{"om_disable_all_campaigns":false,"_monsterinsights_skip_tracking":false,"_monsterinsights_sitenote_active":false,"_monsterinsights_sitenote_note":"","_monsterinsights_sitenote_category":0,"footnotes":""},"categories":[1971,2295,2334,1152],"tags":[],"class_list":["post-17508","post","type-post","status-publish","format-video","has-post-thumbnail","hentry","category-entrevistas-campustv","category-estreno","category-videos-corporativos","category-videos-utalca","post_format-post-format-video","slider-tags-slider"],"aioseo_notices":[],"_links":{"self":[{"href":"https:\/\/tv.utalca.cl\/index.php?rest_route=\/wp\/v2\/posts\/17508","targetHints":{"allow":["GET"]}}],"collection":[{"href":"https:\/\/tv.utalca.cl\/index.php?rest_route=\/wp\/v2\/posts"}],"about":[{"href":"https:\/\/tv.utalca.cl\/index.php?rest_route=\/wp\/v2\/types\/post"}],"author":[{"embeddable":true,"href":"https:\/\/tv.utalca.cl\/index.php?rest_route=\/wp\/v2\/users\/1"}],"replies":[{"embeddable":true,"href":"https:\/\/tv.utalca.cl\/index.php?rest_route=%2Fwp%2Fv2%2Fcomments&post=17508"}],"version-history":[{"count":1,"href":"https:\/\/tv.utalca.cl\/index.php?rest_route=\/wp\/v2\/posts\/17508\/revisions"}],"predecessor-version":[{"id":17510,"href":"https:\/\/tv.utalca.cl\/index.php?rest_route=\/wp\/v2\/posts\/17508\/revisions\/17510"}],"wp:featuredmedia":[{"embeddable":true,"href":"https:\/\/tv.utalca.cl\/index.php?rest_route=\/wp\/v2\/media\/17509"}],"wp:attachment":[{"href":"https:\/\/tv.utalca.cl\/index.php?rest_route=%2Fwp%2Fv2%2Fmedia&parent=17508"}],"wp:term":[{"taxonomy":"category","embeddable":true,"href":"https:\/\/tv.utalca.cl\/index.php?rest_route=%2Fwp%2Fv2%2Fcategories&post=17508"},{"taxonomy":"post_tag","embeddable":true,"href":"https:\/\/tv.utalca.cl\/index.php?rest_route=%2Fwp%2Fv2%2Ftags&post=17508"}],"curies":[{"name":"wp","href":"https:\/\/api.w.org\/{rel}","templated":true}]}}