{"id":17880,"date":"2025-04-17T16:50:24","date_gmt":"2025-04-17T20:50:24","guid":{"rendered":"https:\/\/tv.utalca.cl\/?p=17880"},"modified":"2025-04-17T16:50:24","modified_gmt":"2025-04-17T20:50:24","slug":"rodrigo-jordan-reflexiona-sobre-liderazgo-y-colaboracion-en-la-utalca","status":"publish","type":"post","link":"https:\/\/tv.utalca.cl\/?p=17880","title":{"rendered":"Rodrigo Jord\u00e1n reflexiona sobre liderazgo y colaboraci\u00f3n en la UTalca"},"content":{"rendered":"<div><\/div>\n<p><span style=\"font-weight: 400;\">El destacado acad\u00e9mico, empresario y monta\u00f1ista fue el invitado especial en la ceremonia de inicio del a\u00f1o acad\u00e9mico. La jornada tambi\u00e9n incluy\u00f3 un emotivo homenaje al exrector \u00c1lvaro Rojas, quien se acogi\u00f3 a retiro tras cuatro d\u00e9cadas de trayectoria.\u00a0<\/span><\/p>\n","protected":false},"excerpt":{"rendered":"<p>El destacado acad\u00e9mico, empresario y monta\u00f1ista fue el invitado especial en la ceremonia de inicio del a\u00f1o acad\u00e9mico. La jornada tambi\u00e9n incluy\u00f3 un emotivo homenaje al exrector \u00c1lvaro Rojas, quien se acogi\u00f3 a retiro tras cuatro d\u00e9cadas de trayectoria.\u00a0<\/p>\n","protected":false},"author":1,"featured_media":17881,"comment_status":"closed","ping_status":"closed","sticky":false,"template":"","format":"video","meta":{"om_disable_all_campaigns":false,"_monsterinsights_skip_tracking":false,"_monsterinsights_sitenote_active":false,"_monsterinsights_sitenote_note":"","_monsterinsights_sitenote_category":0,"footnotes":""},"categories":[92],"tags":[],"class_list":["post-17880","post","type-post","status-publish","format-video","has-post-thumbnail","hentry","category-utalcatv-informa","post_format-post-format-video","slider-tags-slider","slider-tags-utalcatv-informa"],"aioseo_notices":[],"_links":{"self":[{"href":"https:\/\/tv.utalca.cl\/index.php?rest_route=\/wp\/v2\/posts\/17880","targetHints":{"allow":["GET"]}}],"collection":[{"href":"https:\/\/tv.utalca.cl\/index.php?rest_route=\/wp\/v2\/posts"}],"about":[{"href":"https:\/\/tv.utalca.cl\/index.php?rest_route=\/wp\/v2\/types\/post"}],"author":[{"embeddable":true,"href":"https:\/\/tv.utalca.cl\/index.php?rest_route=\/wp\/v2\/users\/1"}],"replies":[{"embeddable":true,"href":"https:\/\/tv.utalca.cl\/index.php?rest_route=%2Fwp%2Fv2%2Fcomments&post=17880"}],"version-history":[{"count":1,"href":"https:\/\/tv.utalca.cl\/index.php?rest_route=\/wp\/v2\/posts\/17880\/revisions"}],"predecessor-version":[{"id":17882,"href":"https:\/\/tv.utalca.cl\/index.php?rest_route=\/wp\/v2\/posts\/17880\/revisions\/17882"}],"wp:featuredmedia":[{"embeddable":true,"href":"https:\/\/tv.utalca.cl\/index.php?rest_route=\/wp\/v2\/media\/17881"}],"wp:attachment":[{"href":"https:\/\/tv.utalca.cl\/index.php?rest_route=%2Fwp%2Fv2%2Fmedia&parent=17880"}],"wp:term":[{"taxonomy":"category","embeddable":true,"href":"https:\/\/tv.utalca.cl\/index.php?rest_route=%2Fwp%2Fv2%2Fcategories&post=17880"},{"taxonomy":"post_tag","embeddable":true,"href":"https:\/\/tv.utalca.cl\/index.php?rest_route=%2Fwp%2Fv2%2Ftags&post=17880"}],"curies":[{"name":"wp","href":"https:\/\/api.w.org\/{rel}","templated":true}]}}