{"id":17908,"date":"2025-04-23T13:20:23","date_gmt":"2025-04-23T17:20:23","guid":{"rendered":"https:\/\/tv.utalca.cl\/?p=17908"},"modified":"2025-10-02T10:17:48","modified_gmt":"2025-10-02T13:17:48","slug":"ceremonia-devinicio-del-ano-academico-2025-utalcatv","status":"publish","type":"post","link":"https:\/\/tv.utalca.cl\/?p=17908","title":{"rendered":"Ceremonia de Inicio del A\u00f1o Acad\u00e9mico 2025 @UTALCATV"},"content":{"rendered":"<p>La Universidad de Talca inici\u00f3 su A\u00f1o Acad\u00e9mico 2025 con una ceremonia encabezada por el rector Carlos Torres Fuchslocher, quien abord\u00f3 los diversos desaf\u00edos que enfrenta la Casa de Estudios. Adem\u00e1s, la jornada cont\u00f3 con la intervenci\u00f3n del acad\u00e9mico, empresario y monta\u00f1ista Rodrigo Jord\u00e1n Fuchs, e incluy\u00f3 un emotivo homenaje al exrector \u00c1lvaro Rojas Mar\u00edn, quien inici\u00f3 su retiro laboral tras cuatro d\u00e9cadas como integrante de la comunidad utalina.<\/p>\n","protected":false},"excerpt":{"rendered":"<p>La Universidad de Talca inici\u00f3 su A\u00f1o Acad\u00e9mico 2025 con una ceremonia encabezada por el rector Carlos Torres Fuchslocher, quien abord\u00f3 los diversos desaf\u00edos que enfrenta la Casa de Estudios. Adem\u00e1s, la jornada cont\u00f3 con la intervenci\u00f3n del acad\u00e9mico, empresario y monta\u00f1ista Rodrigo Jord\u00e1n Fuchs, e incluy\u00f3 un emotivo homenaje al exrector \u00c1lvaro Rojas Mar\u00edn, [&hellip;]<\/p>\n","protected":false},"author":1,"featured_media":17909,"comment_status":"closed","ping_status":"closed","sticky":false,"template":"","format":"video","meta":{"om_disable_all_campaigns":false,"_monsterinsights_skip_tracking":false,"_monsterinsights_sitenote_active":false,"_monsterinsights_sitenote_note":"","_monsterinsights_sitenote_category":0,"footnotes":""},"categories":[577,2295,2334,1152],"tags":[578],"class_list":["post-17908","post","type-post","status-publish","format-video","has-post-thumbnail","hentry","category-especiales-utalcatv","category-estreno","category-videos-corporativos","category-videos-utalca","tag-inicio-ano-academico","post_format-post-format-video"],"aioseo_notices":[],"_links":{"self":[{"href":"https:\/\/tv.utalca.cl\/index.php?rest_route=\/wp\/v2\/posts\/17908","targetHints":{"allow":["GET"]}}],"collection":[{"href":"https:\/\/tv.utalca.cl\/index.php?rest_route=\/wp\/v2\/posts"}],"about":[{"href":"https:\/\/tv.utalca.cl\/index.php?rest_route=\/wp\/v2\/types\/post"}],"author":[{"embeddable":true,"href":"https:\/\/tv.utalca.cl\/index.php?rest_route=\/wp\/v2\/users\/1"}],"replies":[{"embeddable":true,"href":"https:\/\/tv.utalca.cl\/index.php?rest_route=%2Fwp%2Fv2%2Fcomments&post=17908"}],"version-history":[{"count":4,"href":"https:\/\/tv.utalca.cl\/index.php?rest_route=\/wp\/v2\/posts\/17908\/revisions"}],"predecessor-version":[{"id":17938,"href":"https:\/\/tv.utalca.cl\/index.php?rest_route=\/wp\/v2\/posts\/17908\/revisions\/17938"}],"wp:featuredmedia":[{"embeddable":true,"href":"https:\/\/tv.utalca.cl\/index.php?rest_route=\/wp\/v2\/media\/17909"}],"wp:attachment":[{"href":"https:\/\/tv.utalca.cl\/index.php?rest_route=%2Fwp%2Fv2%2Fmedia&parent=17908"}],"wp:term":[{"taxonomy":"category","embeddable":true,"href":"https:\/\/tv.utalca.cl\/index.php?rest_route=%2Fwp%2Fv2%2Fcategories&post=17908"},{"taxonomy":"post_tag","embeddable":true,"href":"https:\/\/tv.utalca.cl\/index.php?rest_route=%2Fwp%2Fv2%2Ftags&post=17908"}],"curies":[{"name":"wp","href":"https:\/\/api.w.org\/{rel}","templated":true}]}}