{"id":18241,"date":"2025-06-06T11:30:57","date_gmt":"2025-06-06T15:30:57","guid":{"rendered":"https:\/\/tv.utalca.cl\/?p=18241"},"modified":"2025-08-11T16:14:59","modified_gmt":"2025-08-11T20:14:59","slug":"explican-como-la-integracion-sensorial-favorece-la-inclusion-de-ninas-y-ninos-con-tea","status":"publish","type":"post","link":"https:\/\/tv.utalca.cl\/?p=18241","title":{"rendered":"Explican c\u00f3mo la integraci\u00f3n sensorial favorece la inclusi\u00f3n de ni\u00f1as y ni\u00f1os con TEA"},"content":{"rendered":"<p>Si bien hist\u00f3ricamente se nos ha ense\u00f1ado que tenemos cinco sentidos, la evidencia cient\u00edfica ha demostrado que son m\u00e1s. Expertos de la UTalca recalcan que incorporar todos los sistemas sensoriales en la educaci\u00f3n, es fundamental para aportar al desarrollo y la inclusi\u00f3n desde la primera infancia.<\/p>\n","protected":false},"excerpt":{"rendered":"<p>Si bien hist\u00f3ricamente se nos ha ense\u00f1ado que tenemos cinco sentidos, la evidencia cient\u00edfica ha demostrado que son m\u00e1s. Expertos de la UTalca recalcan que incorporar todos los sistemas sensoriales en la educaci\u00f3n, es fundamental para aportar al desarrollo y la inclusi\u00f3n desde la primera infancia.<\/p>\n","protected":false},"author":1,"featured_media":18242,"comment_status":"closed","ping_status":"closed","sticky":false,"template":"","format":"video","meta":{"om_disable_all_campaigns":false,"_monsterinsights_skip_tracking":false,"_monsterinsights_sitenote_active":false,"_monsterinsights_sitenote_note":"","_monsterinsights_sitenote_category":0,"footnotes":""},"categories":[92],"tags":[],"class_list":["post-18241","post","type-post","status-publish","format-video","has-post-thumbnail","hentry","category-utalcatv-informa","post_format-post-format-video","slider-tags-slider","slider-tags-utalcatv-informa"],"aioseo_notices":[],"_links":{"self":[{"href":"https:\/\/tv.utalca.cl\/index.php?rest_route=\/wp\/v2\/posts\/18241","targetHints":{"allow":["GET"]}}],"collection":[{"href":"https:\/\/tv.utalca.cl\/index.php?rest_route=\/wp\/v2\/posts"}],"about":[{"href":"https:\/\/tv.utalca.cl\/index.php?rest_route=\/wp\/v2\/types\/post"}],"author":[{"embeddable":true,"href":"https:\/\/tv.utalca.cl\/index.php?rest_route=\/wp\/v2\/users\/1"}],"replies":[{"embeddable":true,"href":"https:\/\/tv.utalca.cl\/index.php?rest_route=%2Fwp%2Fv2%2Fcomments&post=18241"}],"version-history":[{"count":1,"href":"https:\/\/tv.utalca.cl\/index.php?rest_route=\/wp\/v2\/posts\/18241\/revisions"}],"predecessor-version":[{"id":18243,"href":"https:\/\/tv.utalca.cl\/index.php?rest_route=\/wp\/v2\/posts\/18241\/revisions\/18243"}],"wp:featuredmedia":[{"embeddable":true,"href":"https:\/\/tv.utalca.cl\/index.php?rest_route=\/wp\/v2\/media\/18242"}],"wp:attachment":[{"href":"https:\/\/tv.utalca.cl\/index.php?rest_route=%2Fwp%2Fv2%2Fmedia&parent=18241"}],"wp:term":[{"taxonomy":"category","embeddable":true,"href":"https:\/\/tv.utalca.cl\/index.php?rest_route=%2Fwp%2Fv2%2Fcategories&post=18241"},{"taxonomy":"post_tag","embeddable":true,"href":"https:\/\/tv.utalca.cl\/index.php?rest_route=%2Fwp%2Fv2%2Ftags&post=18241"}],"curies":[{"name":"wp","href":"https:\/\/api.w.org\/{rel}","templated":true}]}}