{"id":18309,"date":"2025-06-19T16:27:44","date_gmt":"2025-06-19T20:27:44","guid":{"rendered":"https:\/\/tv.utalca.cl\/?p=18309"},"modified":"2025-10-02T10:17:48","modified_gmt":"2025-10-02T13:17:48","slug":"seminario-internacional-igualdad-salarial-utalcatv","status":"publish","type":"post","link":"https:\/\/tv.utalca.cl\/?p=18309","title":{"rendered":"Seminario Internacional Igualdad Salarial @UTALCATV"},"content":{"rendered":"<p>Actividad realizada en el Aula Magna del Espacio Bicentenario de la Universidad de Talca, cont\u00f3 con la participaci\u00f3n del ministro del Trabajo y Previsi\u00f3n Social Giorgio Boccardo y de la Jefa de Asesor\u00eda Internacional del Ministerio del Trabajo\u00a0 y Empleo de Brasil y Presidencia de Epic 2025, Maira Lacerda.<\/p>\n","protected":false},"excerpt":{"rendered":"<p>Actividad realizada en el Aula Magna del Espacio Bicentenario de la Universidad de Talca, cont\u00f3 con la participaci\u00f3n del ministro del Trabajo y Previsi\u00f3n Social Giorgio Boccardo y de la Jefa de Asesor\u00eda Internacional del Ministerio del Trabajo\u00a0 y Empleo de Brasil y Presidencia de Epic 2025, Maira Lacerda.<\/p>\n","protected":false},"author":1,"featured_media":18310,"comment_status":"closed","ping_status":"closed","sticky":false,"template":"","format":"video","meta":{"om_disable_all_campaigns":false,"_monsterinsights_skip_tracking":false,"_monsterinsights_sitenote_active":false,"_monsterinsights_sitenote_note":"","_monsterinsights_sitenote_category":0,"footnotes":""},"categories":[577,2334,1152],"tags":[126],"class_list":["post-18309","post","type-post","status-publish","format-video","has-post-thumbnail","hentry","category-especiales-utalcatv","category-videos-corporativos","category-videos-utalca","tag-seminario","post_format-post-format-video"],"aioseo_notices":[],"_links":{"self":[{"href":"https:\/\/tv.utalca.cl\/index.php?rest_route=\/wp\/v2\/posts\/18309","targetHints":{"allow":["GET"]}}],"collection":[{"href":"https:\/\/tv.utalca.cl\/index.php?rest_route=\/wp\/v2\/posts"}],"about":[{"href":"https:\/\/tv.utalca.cl\/index.php?rest_route=\/wp\/v2\/types\/post"}],"author":[{"embeddable":true,"href":"https:\/\/tv.utalca.cl\/index.php?rest_route=\/wp\/v2\/users\/1"}],"replies":[{"embeddable":true,"href":"https:\/\/tv.utalca.cl\/index.php?rest_route=%2Fwp%2Fv2%2Fcomments&post=18309"}],"version-history":[{"count":3,"href":"https:\/\/tv.utalca.cl\/index.php?rest_route=\/wp\/v2\/posts\/18309\/revisions"}],"predecessor-version":[{"id":18320,"href":"https:\/\/tv.utalca.cl\/index.php?rest_route=\/wp\/v2\/posts\/18309\/revisions\/18320"}],"wp:featuredmedia":[{"embeddable":true,"href":"https:\/\/tv.utalca.cl\/index.php?rest_route=\/wp\/v2\/media\/18310"}],"wp:attachment":[{"href":"https:\/\/tv.utalca.cl\/index.php?rest_route=%2Fwp%2Fv2%2Fmedia&parent=18309"}],"wp:term":[{"taxonomy":"category","embeddable":true,"href":"https:\/\/tv.utalca.cl\/index.php?rest_route=%2Fwp%2Fv2%2Fcategories&post=18309"},{"taxonomy":"post_tag","embeddable":true,"href":"https:\/\/tv.utalca.cl\/index.php?rest_route=%2Fwp%2Fv2%2Ftags&post=18309"}],"curies":[{"name":"wp","href":"https:\/\/api.w.org\/{rel}","templated":true}]}}