{"id":18344,"date":"2025-06-25T15:58:00","date_gmt":"2025-06-25T19:58:00","guid":{"rendered":"https:\/\/tv.utalca.cl\/?p=18344"},"modified":"2025-08-11T16:14:58","modified_gmt":"2025-08-11T20:14:58","slug":"proyectan-un-invierno-atipico-por-consecuencia-del-cambio-climatico","status":"publish","type":"post","link":"https:\/\/tv.utalca.cl\/?p=18344","title":{"rendered":"Proyectan un invierno \u201cat\u00edpico\u201d por consecuencia del cambio clim\u00e1tico"},"content":{"rendered":"<p>Lluvias breves pero intensas, seguidas de extensos per\u00edodos de fr\u00edo extremo, es el escenario que anticipa Patricio Gonz\u00e1lez, agroclimat\u00f3logo del CITRA de la Universidad de Talca.<\/p>\n","protected":false},"excerpt":{"rendered":"<p>Lluvias breves pero intensas, seguidas de extensos per\u00edodos de fr\u00edo extremo, es el escenario que anticipa Patricio Gonz\u00e1lez, agroclimat\u00f3logo del CITRA de la Universidad de Talca.<\/p>\n","protected":false},"author":1,"featured_media":18345,"comment_status":"closed","ping_status":"closed","sticky":false,"template":"","format":"video","meta":{"om_disable_all_campaigns":false,"_monsterinsights_skip_tracking":false,"_monsterinsights_sitenote_active":false,"_monsterinsights_sitenote_note":"","_monsterinsights_sitenote_category":0,"footnotes":""},"categories":[92],"tags":[],"class_list":["post-18344","post","type-post","status-publish","format-video","has-post-thumbnail","hentry","category-utalcatv-informa","post_format-post-format-video","slider-tags-slider","slider-tags-utalcatv-informa"],"aioseo_notices":[],"_links":{"self":[{"href":"https:\/\/tv.utalca.cl\/index.php?rest_route=\/wp\/v2\/posts\/18344","targetHints":{"allow":["GET"]}}],"collection":[{"href":"https:\/\/tv.utalca.cl\/index.php?rest_route=\/wp\/v2\/posts"}],"about":[{"href":"https:\/\/tv.utalca.cl\/index.php?rest_route=\/wp\/v2\/types\/post"}],"author":[{"embeddable":true,"href":"https:\/\/tv.utalca.cl\/index.php?rest_route=\/wp\/v2\/users\/1"}],"replies":[{"embeddable":true,"href":"https:\/\/tv.utalca.cl\/index.php?rest_route=%2Fwp%2Fv2%2Fcomments&post=18344"}],"version-history":[{"count":1,"href":"https:\/\/tv.utalca.cl\/index.php?rest_route=\/wp\/v2\/posts\/18344\/revisions"}],"predecessor-version":[{"id":18346,"href":"https:\/\/tv.utalca.cl\/index.php?rest_route=\/wp\/v2\/posts\/18344\/revisions\/18346"}],"wp:featuredmedia":[{"embeddable":true,"href":"https:\/\/tv.utalca.cl\/index.php?rest_route=\/wp\/v2\/media\/18345"}],"wp:attachment":[{"href":"https:\/\/tv.utalca.cl\/index.php?rest_route=%2Fwp%2Fv2%2Fmedia&parent=18344"}],"wp:term":[{"taxonomy":"category","embeddable":true,"href":"https:\/\/tv.utalca.cl\/index.php?rest_route=%2Fwp%2Fv2%2Fcategories&post=18344"},{"taxonomy":"post_tag","embeddable":true,"href":"https:\/\/tv.utalca.cl\/index.php?rest_route=%2Fwp%2Fv2%2Ftags&post=18344"}],"curies":[{"name":"wp","href":"https:\/\/api.w.org\/{rel}","templated":true}]}}