{"id":18646,"date":"2025-09-29T22:00:16","date_gmt":"2025-09-30T01:00:16","guid":{"rendered":"https:\/\/tv.utalca.cl\/?p=18646"},"modified":"2026-03-06T15:27:09","modified_gmt":"2026-03-06T18:27:09","slug":"codigo-claro-t2-cap2-utalcatv","status":"publish","type":"post","link":"https:\/\/tv.utalca.cl\/?p=18646","title":{"rendered":"C\u00f3digo Claro T2 &#8211; Cap2: La c\u00e1rcel, \u00bf\u00danica Respuesta Frente Al Delito? | @UTalcaTV"},"content":{"rendered":"<p><span style=\"font-weight: 400;\">Mucho se habla de la c\u00e1rcel como la \u00fanica respuesta de la sociedad frente a la delincuencia. Como lugar de castigo o de reacci\u00f3n frente al delito.\u00a0<\/span><\/p>\n<p><span style=\"font-weight: 400;\">Poco se habla de la prevenci\u00f3n y la rehabilitaci\u00f3n. En este sentido, resulta interesante abordar esta cuesti\u00f3n bajo otro paradigma, exponer el car\u00e1cter que tiene estar tras las rejas como un \u00faltimo recurso, as\u00ed como los riesgos que representa un uso excesivo de este recurso penal, ya sea por el peligro a que se refuercen conductas criminales o que la reinserci\u00f3n sea muy dif\u00edcil de lograr.<\/span><\/p>\n<p><span style=\"font-weight: 400;\">En esta conversaci\u00f3n abordaremos el mito en torno a las c\u00e1rceles, analizaremos lo que son las penas sustitutivas y las que son privativas de libertad, adem\u00e1s de la llamada justicia restaurativa y el valor de la mediaci\u00f3n penal como otra forma de responder al delito.<\/span><\/p>\n","protected":false},"excerpt":{"rendered":"<p>&#8220;C\u00d3DIGO CLARO: DERECHO A ENTENDER&#8221; de UTalcaTV. Este programa democratiza la justicia, simplificando el lenguaje legal y los procedimientos. Un compromiso de la Universidad de Talca para que todos comprendan sus derechos y deberes.<\/p>\n","protected":false},"author":1,"featured_media":18648,"comment_status":"closed","ping_status":"closed","sticky":false,"template":"","format":"video","meta":{"om_disable_all_campaigns":false,"_monsterinsights_skip_tracking":false,"_monsterinsights_sitenote_active":false,"_monsterinsights_sitenote_note":"","_monsterinsights_sitenote_category":0,"footnotes":""},"categories":[2244,2301,2295,112,2192],"tags":[2335],"class_list":["post-18646","post","type-post","status-publish","format-video","has-post-thumbnail","hentry","category-capitulo-2","category-codigo-claro","category-estreno","category-programa","category-temporada-2","tag-codigo-claro","post_format-post-format-video","slider-tags-codigo-claro","slider-tags-slider"],"aioseo_notices":[],"_links":{"self":[{"href":"https:\/\/tv.utalca.cl\/index.php?rest_route=\/wp\/v2\/posts\/18646","targetHints":{"allow":["GET"]}}],"collection":[{"href":"https:\/\/tv.utalca.cl\/index.php?rest_route=\/wp\/v2\/posts"}],"about":[{"href":"https:\/\/tv.utalca.cl\/index.php?rest_route=\/wp\/v2\/types\/post"}],"author":[{"embeddable":true,"href":"https:\/\/tv.utalca.cl\/index.php?rest_route=\/wp\/v2\/users\/1"}],"replies":[{"embeddable":true,"href":"https:\/\/tv.utalca.cl\/index.php?rest_route=%2Fwp%2Fv2%2Fcomments&post=18646"}],"version-history":[{"count":2,"href":"https:\/\/tv.utalca.cl\/index.php?rest_route=\/wp\/v2\/posts\/18646\/revisions"}],"predecessor-version":[{"id":18817,"href":"https:\/\/tv.utalca.cl\/index.php?rest_route=\/wp\/v2\/posts\/18646\/revisions\/18817"}],"wp:featuredmedia":[{"embeddable":true,"href":"https:\/\/tv.utalca.cl\/index.php?rest_route=\/wp\/v2\/media\/18648"}],"wp:attachment":[{"href":"https:\/\/tv.utalca.cl\/index.php?rest_route=%2Fwp%2Fv2%2Fmedia&parent=18646"}],"wp:term":[{"taxonomy":"category","embeddable":true,"href":"https:\/\/tv.utalca.cl\/index.php?rest_route=%2Fwp%2Fv2%2Fcategories&post=18646"},{"taxonomy":"post_tag","embeddable":true,"href":"https:\/\/tv.utalca.cl\/index.php?rest_route=%2Fwp%2Fv2%2Ftags&post=18646"}],"curies":[{"name":"wp","href":"https:\/\/api.w.org\/{rel}","templated":true}]}}