{"id":18778,"date":"2025-09-10T12:59:05","date_gmt":"2025-09-10T15:59:05","guid":{"rendered":"https:\/\/tv.utalca.cl\/?p=18778"},"modified":"2025-09-10T12:59:05","modified_gmt":"2025-09-10T15:59:05","slug":"epidemiologa-alerta-por-riesgos-del-coqueluche-en-grupos-vulnerables","status":"publish","type":"post","link":"https:\/\/tv.utalca.cl\/?p=18778","title":{"rendered":"Epidemi\u00f3loga alerta por riesgos del coqueluche en grupos vulnerables"},"content":{"rendered":"<p>Especialista de la UTalca advirti\u00f3 que la baja de coberturas durante la pandemia dej\u00f3 a m\u00e1s personas susceptibles, lo que contribuye al incremento actual de pacientes con la enfermedad.<\/p>\n","protected":false},"excerpt":{"rendered":"<p>Especialista de la UTalca advirti\u00f3 que la baja de coberturas durante la pandemia dej\u00f3 a m\u00e1s personas susceptibles, lo que contribuye al incremento actual de pacientes con la enfermedad.<\/p>\n","protected":false},"author":1,"featured_media":18779,"comment_status":"closed","ping_status":"closed","sticky":false,"template":"","format":"video","meta":{"om_disable_all_campaigns":false,"_monsterinsights_skip_tracking":false,"_monsterinsights_sitenote_active":false,"_monsterinsights_sitenote_note":"","_monsterinsights_sitenote_category":0,"footnotes":""},"categories":[2255,93,92],"tags":[],"class_list":["post-18778","post","type-post","status-publish","format-video","has-post-thumbnail","hentry","category-breves-informativo","category-noticias","category-utalcatv-informa","post_format-post-format-video","slider-tags-slider","slider-tags-utalcatv-informa"],"aioseo_notices":[],"_links":{"self":[{"href":"https:\/\/tv.utalca.cl\/index.php?rest_route=\/wp\/v2\/posts\/18778","targetHints":{"allow":["GET"]}}],"collection":[{"href":"https:\/\/tv.utalca.cl\/index.php?rest_route=\/wp\/v2\/posts"}],"about":[{"href":"https:\/\/tv.utalca.cl\/index.php?rest_route=\/wp\/v2\/types\/post"}],"author":[{"embeddable":true,"href":"https:\/\/tv.utalca.cl\/index.php?rest_route=\/wp\/v2\/users\/1"}],"replies":[{"embeddable":true,"href":"https:\/\/tv.utalca.cl\/index.php?rest_route=%2Fwp%2Fv2%2Fcomments&post=18778"}],"version-history":[{"count":1,"href":"https:\/\/tv.utalca.cl\/index.php?rest_route=\/wp\/v2\/posts\/18778\/revisions"}],"predecessor-version":[{"id":18780,"href":"https:\/\/tv.utalca.cl\/index.php?rest_route=\/wp\/v2\/posts\/18778\/revisions\/18780"}],"wp:featuredmedia":[{"embeddable":true,"href":"https:\/\/tv.utalca.cl\/index.php?rest_route=\/wp\/v2\/media\/18779"}],"wp:attachment":[{"href":"https:\/\/tv.utalca.cl\/index.php?rest_route=%2Fwp%2Fv2%2Fmedia&parent=18778"}],"wp:term":[{"taxonomy":"category","embeddable":true,"href":"https:\/\/tv.utalca.cl\/index.php?rest_route=%2Fwp%2Fv2%2Fcategories&post=18778"},{"taxonomy":"post_tag","embeddable":true,"href":"https:\/\/tv.utalca.cl\/index.php?rest_route=%2Fwp%2Fv2%2Ftags&post=18778"}],"curies":[{"name":"wp","href":"https:\/\/api.w.org\/{rel}","templated":true}]}}