{"id":18811,"date":"2025-09-23T16:12:24","date_gmt":"2025-09-23T19:12:24","guid":{"rendered":"https:\/\/tv.utalca.cl\/?p=18811"},"modified":"2025-09-23T16:12:24","modified_gmt":"2025-09-23T19:12:24","slug":"especialista-de-la-utalca-proyecta-primavera-seca-y-calurosa","status":"publish","type":"post","link":"https:\/\/tv.utalca.cl\/?p=18811","title":{"rendered":"Especialista de la UTalca proyecta primavera seca y calurosa"},"content":{"rendered":"<p>Chile cierra otro invierno marcado por la sequ\u00eda, y desde octubre se espera la llegada del fen\u00f3meno La Ni\u00f1a, que podr\u00eda aumentar las temperaturas.<\/p>\n","protected":false},"excerpt":{"rendered":"<p>Chile cierra otro invierno marcado por la sequ\u00eda, y desde octubre se espera la llegada del fen\u00f3meno La Ni\u00f1a, que podr\u00eda aumentar las temperaturas.<\/p>\n","protected":false},"author":1,"featured_media":18812,"comment_status":"closed","ping_status":"closed","sticky":false,"template":"","format":"video","meta":{"om_disable_all_campaigns":false,"_monsterinsights_skip_tracking":false,"_monsterinsights_sitenote_active":false,"_monsterinsights_sitenote_note":"","_monsterinsights_sitenote_category":0,"footnotes":""},"categories":[2255,93,92],"tags":[],"class_list":["post-18811","post","type-post","status-publish","format-video","has-post-thumbnail","hentry","category-breves-informativo","category-noticias","category-utalcatv-informa","post_format-post-format-video","slider-tags-slider","slider-tags-utalcatv-informa"],"aioseo_notices":[],"_links":{"self":[{"href":"https:\/\/tv.utalca.cl\/index.php?rest_route=\/wp\/v2\/posts\/18811","targetHints":{"allow":["GET"]}}],"collection":[{"href":"https:\/\/tv.utalca.cl\/index.php?rest_route=\/wp\/v2\/posts"}],"about":[{"href":"https:\/\/tv.utalca.cl\/index.php?rest_route=\/wp\/v2\/types\/post"}],"author":[{"embeddable":true,"href":"https:\/\/tv.utalca.cl\/index.php?rest_route=\/wp\/v2\/users\/1"}],"replies":[{"embeddable":true,"href":"https:\/\/tv.utalca.cl\/index.php?rest_route=%2Fwp%2Fv2%2Fcomments&post=18811"}],"version-history":[{"count":1,"href":"https:\/\/tv.utalca.cl\/index.php?rest_route=\/wp\/v2\/posts\/18811\/revisions"}],"predecessor-version":[{"id":18813,"href":"https:\/\/tv.utalca.cl\/index.php?rest_route=\/wp\/v2\/posts\/18811\/revisions\/18813"}],"wp:featuredmedia":[{"embeddable":true,"href":"https:\/\/tv.utalca.cl\/index.php?rest_route=\/wp\/v2\/media\/18812"}],"wp:attachment":[{"href":"https:\/\/tv.utalca.cl\/index.php?rest_route=%2Fwp%2Fv2%2Fmedia&parent=18811"}],"wp:term":[{"taxonomy":"category","embeddable":true,"href":"https:\/\/tv.utalca.cl\/index.php?rest_route=%2Fwp%2Fv2%2Fcategories&post=18811"},{"taxonomy":"post_tag","embeddable":true,"href":"https:\/\/tv.utalca.cl\/index.php?rest_route=%2Fwp%2Fv2%2Ftags&post=18811"}],"curies":[{"name":"wp","href":"https:\/\/api.w.org\/{rel}","templated":true}]}}