{"id":18828,"date":"2025-09-26T19:16:06","date_gmt":"2025-09-26T22:16:06","guid":{"rendered":"https:\/\/tv.utalca.cl\/?p=18828"},"modified":"2025-09-26T19:16:06","modified_gmt":"2025-09-26T22:16:06","slug":"utalca-y-mineduc-promueven-el-desarrollo-integral-de-escolares","status":"publish","type":"post","link":"https:\/\/tv.utalca.cl\/?p=18828","title":{"rendered":"UTalca y Mineduc promueven el desarrollo integral de escolares"},"content":{"rendered":"<p>Acad\u00e9micos y acad\u00e9micas de la Facultad de Ciencias de la Educaci\u00f3n forman parte de una iniciativa que beneficia a m\u00e1s de 5.000 ni\u00f1os y ni\u00f1as de la Regi\u00f3n de \u00d1uble.<\/p>\n","protected":false},"excerpt":{"rendered":"<p>Acad\u00e9micos y acad\u00e9micas de la Facultad de Ciencias de la Educaci\u00f3n forman parte de una iniciativa que beneficia a m\u00e1s de 5.000 ni\u00f1os y ni\u00f1as de la Regi\u00f3n de \u00d1uble.<\/p>\n","protected":false},"author":1,"featured_media":18830,"comment_status":"closed","ping_status":"closed","sticky":false,"template":"","format":"video","meta":{"om_disable_all_campaigns":false,"_monsterinsights_skip_tracking":false,"_monsterinsights_sitenote_active":false,"_monsterinsights_sitenote_note":"","_monsterinsights_sitenote_category":0,"footnotes":""},"categories":[2255,93,92],"tags":[],"class_list":["post-18828","post","type-post","status-publish","format-video","has-post-thumbnail","hentry","category-breves-informativo","category-noticias","category-utalcatv-informa","post_format-post-format-video","slider-tags-slider","slider-tags-utalcatv-informa"],"aioseo_notices":[],"_links":{"self":[{"href":"https:\/\/tv.utalca.cl\/index.php?rest_route=\/wp\/v2\/posts\/18828","targetHints":{"allow":["GET"]}}],"collection":[{"href":"https:\/\/tv.utalca.cl\/index.php?rest_route=\/wp\/v2\/posts"}],"about":[{"href":"https:\/\/tv.utalca.cl\/index.php?rest_route=\/wp\/v2\/types\/post"}],"author":[{"embeddable":true,"href":"https:\/\/tv.utalca.cl\/index.php?rest_route=\/wp\/v2\/users\/1"}],"replies":[{"embeddable":true,"href":"https:\/\/tv.utalca.cl\/index.php?rest_route=%2Fwp%2Fv2%2Fcomments&post=18828"}],"version-history":[{"count":1,"href":"https:\/\/tv.utalca.cl\/index.php?rest_route=\/wp\/v2\/posts\/18828\/revisions"}],"predecessor-version":[{"id":18831,"href":"https:\/\/tv.utalca.cl\/index.php?rest_route=\/wp\/v2\/posts\/18828\/revisions\/18831"}],"wp:featuredmedia":[{"embeddable":true,"href":"https:\/\/tv.utalca.cl\/index.php?rest_route=\/wp\/v2\/media\/18830"}],"wp:attachment":[{"href":"https:\/\/tv.utalca.cl\/index.php?rest_route=%2Fwp%2Fv2%2Fmedia&parent=18828"}],"wp:term":[{"taxonomy":"category","embeddable":true,"href":"https:\/\/tv.utalca.cl\/index.php?rest_route=%2Fwp%2Fv2%2Fcategories&post=18828"},{"taxonomy":"post_tag","embeddable":true,"href":"https:\/\/tv.utalca.cl\/index.php?rest_route=%2Fwp%2Fv2%2Ftags&post=18828"}],"curies":[{"name":"wp","href":"https:\/\/api.w.org\/{rel}","templated":true}]}}