{"id":18866,"date":"2025-10-03T14:19:38","date_gmt":"2025-10-03T17:19:38","guid":{"rendered":"https:\/\/tv.utalca.cl\/?p=18866"},"modified":"2025-10-03T14:19:38","modified_gmt":"2025-10-03T17:19:38","slug":"persiste-pobreza-multidimensional-en-chile-pese-a-avances-en-ingresos","status":"publish","type":"post","link":"https:\/\/tv.utalca.cl\/?p=18866","title":{"rendered":"Persiste pobreza multidimensional en Chile pese a avances en ingresos"},"content":{"rendered":"<p>Catalina Littin, directora de la Fundaci\u00f3n Superaci\u00f3n de la Pobreza, analiz\u00f3 los desaf\u00edos para avanzar en los Objetivos de Desarrollo Sostenible. La actividad forma parte del ciclo de charlas organizado por la Facultad de Econom\u00eda y Negocios de la UTalca.<\/p>\n","protected":false},"excerpt":{"rendered":"<p>Catalina Littin, directora de la Fundaci\u00f3n Superaci\u00f3n de la Pobreza, analiz\u00f3 los desaf\u00edos para avanzar en los Objetivos de Desarrollo Sostenible. La actividad forma parte del ciclo de charlas organizado por la Facultad de Econom\u00eda y Negocios de la UTalca.<\/p>\n","protected":false},"author":1,"featured_media":18867,"comment_status":"closed","ping_status":"closed","sticky":false,"template":"","format":"video","meta":{"om_disable_all_campaigns":false,"_monsterinsights_skip_tracking":false,"_monsterinsights_sitenote_active":false,"_monsterinsights_sitenote_note":"","_monsterinsights_sitenote_category":0,"footnotes":""},"categories":[93,92],"tags":[],"class_list":["post-18866","post","type-post","status-publish","format-video","has-post-thumbnail","hentry","category-noticias","category-utalcatv-informa","post_format-post-format-video","slider-tags-slider","slider-tags-utalcatv-informa"],"aioseo_notices":[],"_links":{"self":[{"href":"https:\/\/tv.utalca.cl\/index.php?rest_route=\/wp\/v2\/posts\/18866","targetHints":{"allow":["GET"]}}],"collection":[{"href":"https:\/\/tv.utalca.cl\/index.php?rest_route=\/wp\/v2\/posts"}],"about":[{"href":"https:\/\/tv.utalca.cl\/index.php?rest_route=\/wp\/v2\/types\/post"}],"author":[{"embeddable":true,"href":"https:\/\/tv.utalca.cl\/index.php?rest_route=\/wp\/v2\/users\/1"}],"replies":[{"embeddable":true,"href":"https:\/\/tv.utalca.cl\/index.php?rest_route=%2Fwp%2Fv2%2Fcomments&post=18866"}],"version-history":[{"count":1,"href":"https:\/\/tv.utalca.cl\/index.php?rest_route=\/wp\/v2\/posts\/18866\/revisions"}],"predecessor-version":[{"id":18868,"href":"https:\/\/tv.utalca.cl\/index.php?rest_route=\/wp\/v2\/posts\/18866\/revisions\/18868"}],"wp:featuredmedia":[{"embeddable":true,"href":"https:\/\/tv.utalca.cl\/index.php?rest_route=\/wp\/v2\/media\/18867"}],"wp:attachment":[{"href":"https:\/\/tv.utalca.cl\/index.php?rest_route=%2Fwp%2Fv2%2Fmedia&parent=18866"}],"wp:term":[{"taxonomy":"category","embeddable":true,"href":"https:\/\/tv.utalca.cl\/index.php?rest_route=%2Fwp%2Fv2%2Fcategories&post=18866"},{"taxonomy":"post_tag","embeddable":true,"href":"https:\/\/tv.utalca.cl\/index.php?rest_route=%2Fwp%2Fv2%2Ftags&post=18866"}],"curies":[{"name":"wp","href":"https:\/\/api.w.org\/{rel}","templated":true}]}}