{"id":18906,"date":"2025-10-13T10:14:59","date_gmt":"2025-10-13T13:14:59","guid":{"rendered":"https:\/\/tv.utalca.cl\/?p=18906"},"modified":"2025-10-13T12:55:36","modified_gmt":"2025-10-13T15:55:36","slug":"comienza-primera-bienal-iberoamericana-de-la-creacion-y-el-territorio","status":"publish","type":"post","link":"https:\/\/tv.utalca.cl\/?p=18906","title":{"rendered":"Comienza primera Bienal Iberoamericana de la Creaci\u00f3n y el Territorio"},"content":{"rendered":"<p>La iniciativa impulsada por la Universidad de Talca contempla conferencias, talleres y masterclass abiertas a toda la comunidad, con el objetivo de acercar la reflexi\u00f3n art\u00edstica y cultural a distintos p\u00fablicos.<\/p>\n","protected":false},"excerpt":{"rendered":"<p>La iniciativa impulsada por la Universidad de Talca contempla conferencias, talleres y masterclass abiertas a toda la comunidad, con el objetivo de acercar la reflexi\u00f3n art\u00edstica y cultural a distintos p\u00fablicos.<\/p>\n","protected":false},"author":1,"featured_media":18909,"comment_status":"closed","ping_status":"closed","sticky":false,"template":"","format":"video","meta":{"om_disable_all_campaigns":false,"_monsterinsights_skip_tracking":false,"_monsterinsights_sitenote_active":false,"_monsterinsights_sitenote_note":"","_monsterinsights_sitenote_category":0,"footnotes":""},"categories":[93,92],"tags":[],"class_list":["post-18906","post","type-post","status-publish","format-video","has-post-thumbnail","hentry","category-noticias","category-utalcatv-informa","post_format-post-format-video","slider-tags-slider","slider-tags-utalcatv-informa"],"aioseo_notices":[],"_links":{"self":[{"href":"https:\/\/tv.utalca.cl\/index.php?rest_route=\/wp\/v2\/posts\/18906","targetHints":{"allow":["GET"]}}],"collection":[{"href":"https:\/\/tv.utalca.cl\/index.php?rest_route=\/wp\/v2\/posts"}],"about":[{"href":"https:\/\/tv.utalca.cl\/index.php?rest_route=\/wp\/v2\/types\/post"}],"author":[{"embeddable":true,"href":"https:\/\/tv.utalca.cl\/index.php?rest_route=\/wp\/v2\/users\/1"}],"replies":[{"embeddable":true,"href":"https:\/\/tv.utalca.cl\/index.php?rest_route=%2Fwp%2Fv2%2Fcomments&post=18906"}],"version-history":[{"count":1,"href":"https:\/\/tv.utalca.cl\/index.php?rest_route=\/wp\/v2\/posts\/18906\/revisions"}],"predecessor-version":[{"id":18908,"href":"https:\/\/tv.utalca.cl\/index.php?rest_route=\/wp\/v2\/posts\/18906\/revisions\/18908"}],"wp:featuredmedia":[{"embeddable":true,"href":"https:\/\/tv.utalca.cl\/index.php?rest_route=\/wp\/v2\/media\/18909"}],"wp:attachment":[{"href":"https:\/\/tv.utalca.cl\/index.php?rest_route=%2Fwp%2Fv2%2Fmedia&parent=18906"}],"wp:term":[{"taxonomy":"category","embeddable":true,"href":"https:\/\/tv.utalca.cl\/index.php?rest_route=%2Fwp%2Fv2%2Fcategories&post=18906"},{"taxonomy":"post_tag","embeddable":true,"href":"https:\/\/tv.utalca.cl\/index.php?rest_route=%2Fwp%2Fv2%2Ftags&post=18906"}],"curies":[{"name":"wp","href":"https:\/\/api.w.org\/{rel}","templated":true}]}}