{"id":18983,"date":"2025-10-20T16:03:35","date_gmt":"2025-10-20T19:03:35","guid":{"rendered":"https:\/\/tv.utalca.cl\/?p=18983"},"modified":"2025-10-20T16:03:35","modified_gmt":"2025-10-20T19:03:35","slug":"concierto-sinfonico-conmemoro-los-44-anos-de-la-utalca","status":"publish","type":"post","link":"https:\/\/tv.utalca.cl\/?p=18983","title":{"rendered":"Concierto sinf\u00f3nico conmemor\u00f3 los 44 a\u00f1os de la UTalca"},"content":{"rendered":"<p>En el Teatro Regional del Maule, la Orquesta Sinf\u00f3nica de la Casa de Estudios present\u00f3 \u201cTit\u00e1n\u201d, la monumental obra de Gustav Mahler en el marco del aniversario institucional.<\/p>\n","protected":false},"excerpt":{"rendered":"<p>En el Teatro Regional del Maule, la Orquesta Sinf\u00f3nica de la Casa de Estudios present\u00f3 \u201cTit\u00e1n\u201d, la monumental obra de Gustav Mahler en el marco del aniversario institucional.<\/p>\n","protected":false},"author":1,"featured_media":18984,"comment_status":"closed","ping_status":"closed","sticky":false,"template":"","format":"video","meta":{"om_disable_all_campaigns":false,"_monsterinsights_skip_tracking":false,"_monsterinsights_sitenote_active":false,"_monsterinsights_sitenote_note":"","_monsterinsights_sitenote_category":0,"footnotes":""},"categories":[93,92],"tags":[],"class_list":["post-18983","post","type-post","status-publish","format-video","has-post-thumbnail","hentry","category-noticias","category-utalcatv-informa","post_format-post-format-video","slider-tags-slider","slider-tags-utalcatv-informa"],"aioseo_notices":[],"_links":{"self":[{"href":"https:\/\/tv.utalca.cl\/index.php?rest_route=\/wp\/v2\/posts\/18983","targetHints":{"allow":["GET"]}}],"collection":[{"href":"https:\/\/tv.utalca.cl\/index.php?rest_route=\/wp\/v2\/posts"}],"about":[{"href":"https:\/\/tv.utalca.cl\/index.php?rest_route=\/wp\/v2\/types\/post"}],"author":[{"embeddable":true,"href":"https:\/\/tv.utalca.cl\/index.php?rest_route=\/wp\/v2\/users\/1"}],"replies":[{"embeddable":true,"href":"https:\/\/tv.utalca.cl\/index.php?rest_route=%2Fwp%2Fv2%2Fcomments&post=18983"}],"version-history":[{"count":1,"href":"https:\/\/tv.utalca.cl\/index.php?rest_route=\/wp\/v2\/posts\/18983\/revisions"}],"predecessor-version":[{"id":18985,"href":"https:\/\/tv.utalca.cl\/index.php?rest_route=\/wp\/v2\/posts\/18983\/revisions\/18985"}],"wp:featuredmedia":[{"embeddable":true,"href":"https:\/\/tv.utalca.cl\/index.php?rest_route=\/wp\/v2\/media\/18984"}],"wp:attachment":[{"href":"https:\/\/tv.utalca.cl\/index.php?rest_route=%2Fwp%2Fv2%2Fmedia&parent=18983"}],"wp:term":[{"taxonomy":"category","embeddable":true,"href":"https:\/\/tv.utalca.cl\/index.php?rest_route=%2Fwp%2Fv2%2Fcategories&post=18983"},{"taxonomy":"post_tag","embeddable":true,"href":"https:\/\/tv.utalca.cl\/index.php?rest_route=%2Fwp%2Fv2%2Ftags&post=18983"}],"curies":[{"name":"wp","href":"https:\/\/api.w.org\/{rel}","templated":true}]}}