{"id":19007,"date":"2025-10-24T08:37:06","date_gmt":"2025-10-24T11:37:06","guid":{"rendered":"https:\/\/tv.utalca.cl\/?p=19007"},"modified":"2025-10-27T15:21:47","modified_gmt":"2025-10-27T18:21:47","slug":"ceremonia-aniversario-44-anos-universidad-de-talca-utalcatv","status":"publish","type":"post","link":"https:\/\/tv.utalca.cl\/?p=19007","title":{"rendered":"Ceremonia Aniversario 44 A\u00f1os Universidad de Talca @utalcatv"},"content":{"rendered":"<p>Con un llamado a mirar hacia el futuro y fortalecer la innovaci\u00f3n como sello institucional, la Universidad de Talca conmemor\u00f3 su aniversario n\u00famero 44 en una ceremonia en su Aula Magna, evento que fue encabezado por el rector, Carlos Torres Fuchslocher.<\/p>\n","protected":false},"excerpt":{"rendered":"<p>Con un llamado a mirar hacia el futuro y fortalecer la innovaci\u00f3n como sello institucional, la Universidad de Talca conmemor\u00f3 su aniversario n\u00famero 44 en una ceremonia en su Aula Magna, evento que fue encabezado por el rector, Carlos Torres Fuchslocher.<\/p>\n","protected":false},"author":2,"featured_media":19008,"comment_status":"closed","ping_status":"closed","sticky":false,"template":"","format":"video","meta":{"om_disable_all_campaigns":false,"_monsterinsights_skip_tracking":false,"_monsterinsights_sitenote_active":false,"_monsterinsights_sitenote_note":"","_monsterinsights_sitenote_category":0,"footnotes":""},"categories":[2331,577,2295,2334,1152],"tags":[578],"class_list":["post-19007","post","type-post","status-publish","format-video","has-post-thumbnail","hentry","category-2331","category-especiales-utalcatv","category-estreno","category-videos-corporativos","category-videos-utalca","tag-inicio-ano-academico","post_format-post-format-video","slider-tags-slider"],"aioseo_notices":[],"_links":{"self":[{"href":"https:\/\/tv.utalca.cl\/index.php?rest_route=\/wp\/v2\/posts\/19007","targetHints":{"allow":["GET"]}}],"collection":[{"href":"https:\/\/tv.utalca.cl\/index.php?rest_route=\/wp\/v2\/posts"}],"about":[{"href":"https:\/\/tv.utalca.cl\/index.php?rest_route=\/wp\/v2\/types\/post"}],"author":[{"embeddable":true,"href":"https:\/\/tv.utalca.cl\/index.php?rest_route=\/wp\/v2\/users\/2"}],"replies":[{"embeddable":true,"href":"https:\/\/tv.utalca.cl\/index.php?rest_route=%2Fwp%2Fv2%2Fcomments&post=19007"}],"version-history":[{"count":8,"href":"https:\/\/tv.utalca.cl\/index.php?rest_route=\/wp\/v2\/posts\/19007\/revisions"}],"predecessor-version":[{"id":19037,"href":"https:\/\/tv.utalca.cl\/index.php?rest_route=\/wp\/v2\/posts\/19007\/revisions\/19037"}],"wp:featuredmedia":[{"embeddable":true,"href":"https:\/\/tv.utalca.cl\/index.php?rest_route=\/wp\/v2\/media\/19008"}],"wp:attachment":[{"href":"https:\/\/tv.utalca.cl\/index.php?rest_route=%2Fwp%2Fv2%2Fmedia&parent=19007"}],"wp:term":[{"taxonomy":"category","embeddable":true,"href":"https:\/\/tv.utalca.cl\/index.php?rest_route=%2Fwp%2Fv2%2Fcategories&post=19007"},{"taxonomy":"post_tag","embeddable":true,"href":"https:\/\/tv.utalca.cl\/index.php?rest_route=%2Fwp%2Fv2%2Ftags&post=19007"}],"curies":[{"name":"wp","href":"https:\/\/api.w.org\/{rel}","templated":true}]}}