{"id":19067,"date":"2025-11-03T13:13:48","date_gmt":"2025-11-03T16:13:48","guid":{"rendered":"https:\/\/tv.utalca.cl\/?p=19067"},"modified":"2025-11-03T13:13:48","modified_gmt":"2025-11-03T16:13:48","slug":"orquesta-sinfonica-de-la-utalca-realizo-historica-presentacion-en-la-gran-sala-sinfonica-nacional","status":"publish","type":"post","link":"https:\/\/tv.utalca.cl\/?p=19067","title":{"rendered":"Orquesta Sinf\u00f3nica de la UTalca realiz\u00f3 hist\u00f3rica presentaci\u00f3n en la Gran Sala Sinf\u00f3nica Nacional"},"content":{"rendered":"<p>La agrupaci\u00f3n universitaria se convirti\u00f3 en la primera orquesta regional en presentarse en el nuevo escenario santiaguino, con un programa que incluy\u00f3 la monumental obra \u201cTit\u00e1n\u201d de Gustav Mahler.<\/p>\n","protected":false},"excerpt":{"rendered":"<p>La agrupaci\u00f3n universitaria se convirti\u00f3 en la primera orquesta regional en presentarse en el nuevo escenario santiaguino, con un programa que incluy\u00f3 la monumental obra \u201cTit\u00e1n\u201d de Gustav Mahler.<\/p>\n","protected":false},"author":1,"featured_media":19068,"comment_status":"closed","ping_status":"closed","sticky":false,"template":"","format":"video","meta":{"om_disable_all_campaigns":false,"_monsterinsights_skip_tracking":false,"_monsterinsights_sitenote_active":false,"_monsterinsights_sitenote_note":"","_monsterinsights_sitenote_category":0,"footnotes":""},"categories":[93,92],"tags":[],"class_list":["post-19067","post","type-post","status-publish","format-video","has-post-thumbnail","hentry","category-noticias","category-utalcatv-informa","post_format-post-format-video","slider-tags-slider","slider-tags-utalcatv-informa"],"aioseo_notices":[],"_links":{"self":[{"href":"https:\/\/tv.utalca.cl\/index.php?rest_route=\/wp\/v2\/posts\/19067","targetHints":{"allow":["GET"]}}],"collection":[{"href":"https:\/\/tv.utalca.cl\/index.php?rest_route=\/wp\/v2\/posts"}],"about":[{"href":"https:\/\/tv.utalca.cl\/index.php?rest_route=\/wp\/v2\/types\/post"}],"author":[{"embeddable":true,"href":"https:\/\/tv.utalca.cl\/index.php?rest_route=\/wp\/v2\/users\/1"}],"replies":[{"embeddable":true,"href":"https:\/\/tv.utalca.cl\/index.php?rest_route=%2Fwp%2Fv2%2Fcomments&post=19067"}],"version-history":[{"count":1,"href":"https:\/\/tv.utalca.cl\/index.php?rest_route=\/wp\/v2\/posts\/19067\/revisions"}],"predecessor-version":[{"id":19069,"href":"https:\/\/tv.utalca.cl\/index.php?rest_route=\/wp\/v2\/posts\/19067\/revisions\/19069"}],"wp:featuredmedia":[{"embeddable":true,"href":"https:\/\/tv.utalca.cl\/index.php?rest_route=\/wp\/v2\/media\/19068"}],"wp:attachment":[{"href":"https:\/\/tv.utalca.cl\/index.php?rest_route=%2Fwp%2Fv2%2Fmedia&parent=19067"}],"wp:term":[{"taxonomy":"category","embeddable":true,"href":"https:\/\/tv.utalca.cl\/index.php?rest_route=%2Fwp%2Fv2%2Fcategories&post=19067"},{"taxonomy":"post_tag","embeddable":true,"href":"https:\/\/tv.utalca.cl\/index.php?rest_route=%2Fwp%2Fv2%2Ftags&post=19067"}],"curies":[{"name":"wp","href":"https:\/\/api.w.org\/{rel}","templated":true}]}}