{"id":19079,"date":"2025-11-06T16:21:40","date_gmt":"2025-11-06T19:21:40","guid":{"rendered":"https:\/\/tv.utalca.cl\/?p=19079"},"modified":"2025-11-06T16:21:40","modified_gmt":"2025-11-06T19:21:40","slug":"destacado-proyecto-de-arquitectura-gt2p-compartio-su-experiencia-creativa-en-la-utalca","status":"publish","type":"post","link":"https:\/\/tv.utalca.cl\/?p=19079","title":{"rendered":"Destacado proyecto de arquitectura GT2P comparti\u00f3 su experiencia creativa en la UTalca"},"content":{"rendered":"<p>En el marco de la Bienal Iberoamericana sobre Creaci\u00f3n y el Territorio, el estudio GT2P que incluso lleg\u00f3 a ser parte de la colecci\u00f3n del MET de Nueva York &#8211; reflexion\u00f3 sobre nuevas formas de dise\u00f1ar desde convergencia entre tradici\u00f3n e innovaci\u00f3n.<\/p>\n","protected":false},"excerpt":{"rendered":"<p>En el marco de la Bienal Iberoamericana sobre Creaci\u00f3n y el Territorio, el estudio GT2P que incluso lleg\u00f3 a ser parte de la colecci\u00f3n del MET de Nueva York &#8211; reflexion\u00f3 sobre nuevas formas de dise\u00f1ar desde convergencia entre tradici\u00f3n e innovaci\u00f3n.<\/p>\n","protected":false},"author":1,"featured_media":19080,"comment_status":"closed","ping_status":"closed","sticky":false,"template":"","format":"video","meta":{"om_disable_all_campaigns":false,"_monsterinsights_skip_tracking":false,"_monsterinsights_sitenote_active":false,"_monsterinsights_sitenote_note":"","_monsterinsights_sitenote_category":0,"footnotes":""},"categories":[93,92],"tags":[],"class_list":["post-19079","post","type-post","status-publish","format-video","has-post-thumbnail","hentry","category-noticias","category-utalcatv-informa","post_format-post-format-video","slider-tags-slider","slider-tags-utalcatv-informa"],"aioseo_notices":[],"_links":{"self":[{"href":"https:\/\/tv.utalca.cl\/index.php?rest_route=\/wp\/v2\/posts\/19079","targetHints":{"allow":["GET"]}}],"collection":[{"href":"https:\/\/tv.utalca.cl\/index.php?rest_route=\/wp\/v2\/posts"}],"about":[{"href":"https:\/\/tv.utalca.cl\/index.php?rest_route=\/wp\/v2\/types\/post"}],"author":[{"embeddable":true,"href":"https:\/\/tv.utalca.cl\/index.php?rest_route=\/wp\/v2\/users\/1"}],"replies":[{"embeddable":true,"href":"https:\/\/tv.utalca.cl\/index.php?rest_route=%2Fwp%2Fv2%2Fcomments&post=19079"}],"version-history":[{"count":1,"href":"https:\/\/tv.utalca.cl\/index.php?rest_route=\/wp\/v2\/posts\/19079\/revisions"}],"predecessor-version":[{"id":19081,"href":"https:\/\/tv.utalca.cl\/index.php?rest_route=\/wp\/v2\/posts\/19079\/revisions\/19081"}],"wp:featuredmedia":[{"embeddable":true,"href":"https:\/\/tv.utalca.cl\/index.php?rest_route=\/wp\/v2\/media\/19080"}],"wp:attachment":[{"href":"https:\/\/tv.utalca.cl\/index.php?rest_route=%2Fwp%2Fv2%2Fmedia&parent=19079"}],"wp:term":[{"taxonomy":"category","embeddable":true,"href":"https:\/\/tv.utalca.cl\/index.php?rest_route=%2Fwp%2Fv2%2Fcategories&post=19079"},{"taxonomy":"post_tag","embeddable":true,"href":"https:\/\/tv.utalca.cl\/index.php?rest_route=%2Fwp%2Fv2%2Ftags&post=19079"}],"curies":[{"name":"wp","href":"https:\/\/api.w.org\/{rel}","templated":true}]}}