{"id":19089,"date":"2025-11-03T13:30:23","date_gmt":"2025-11-03T16:30:23","guid":{"rendered":"https:\/\/tv.utalca.cl\/?p=19089"},"modified":"2026-03-06T15:27:08","modified_gmt":"2026-03-06T18:27:08","slug":"codigo-claro-t2-cap-7-derechos-de-los-animales-y-situacion-de-las-mascotas-en-chile","status":"publish","type":"post","link":"https:\/\/tv.utalca.cl\/?p=19089","title":{"rendered":"Codigo Claro T2 Cap 7 &#8211; Derechos de los animales y situaci\u00f3n de las mascotas en Chile"},"content":{"rendered":"<p><strong>Invitado: Emilio B\u00e9car, Acad\u00e9mico Facultad de Ciencias Jur\u00eddicas y Sociales UTalca<\/strong><\/p>\n<p><span style=\"font-weight: 400;\">El trato hacia los animales ha experimentado en los \u00faltimos a\u00f1os una preocupaci\u00f3n creciente que nadie puede desconocer. Ellos han acompa\u00f1ado al ser humano desde el comienzo de su existencia, pero desde hace algunos a\u00f1os ha comenzado a notarse una especial preocupaci\u00f3n en relaci\u00f3n con su forma de vivir, desde que se empieza a tomar en cuenta su capacidad para reaccionar frente a est\u00edmulos que implican dolor, sufrimiento, tensi\u00f3n y otras sensaciones de car\u00e1cter tanto positivo como negativo.\u00a0<\/span><\/p>\n<p><span style=\"font-weight: 400;\">\u200bEn este cap\u00edtulo conversaremos -desde lo legal- en torno a la protecci\u00f3n de los animales en general, y la tutela de las mascotas o animales de compa\u00f1\u00eda en particular. Abordaremos, entre otros aspectos, los motivos por los cuales ellos merecen un plan especial de protecci\u00f3n.\u00a0<\/span><\/p>\n<p>&nbsp;<\/p>\n<p><span style=\"font-weight: 400;\">#maltratoanimal #derechodelosanimales #mascotas #protecci\u00f3nanimal<\/span><\/p>\n","protected":false},"excerpt":{"rendered":"<p>Invitado: Emilio B\u00e9car, Acad\u00e9mico Facultad de Ciencias Jur\u00eddicas y Sociales UTalca El trato hacia los animales ha experimentado en los \u00faltimos a\u00f1os una preocupaci\u00f3n creciente que nadie puede desconocer. Ellos han acompa\u00f1ado al ser humano desde el comienzo de su existencia, pero desde hace algunos a\u00f1os ha comenzado a notarse una especial preocupaci\u00f3n en relaci\u00f3n [&hellip;]<\/p>\n","protected":false},"author":2,"featured_media":19090,"comment_status":"closed","ping_status":"closed","sticky":false,"template":"","format":"video","meta":{"om_disable_all_campaigns":false,"_monsterinsights_skip_tracking":false,"_monsterinsights_sitenote_active":false,"_monsterinsights_sitenote_note":"","_monsterinsights_sitenote_category":0,"footnotes":""},"categories":[2249,2301,2295,112,2192],"tags":[2335],"class_list":["post-19089","post","type-post","status-publish","format-video","has-post-thumbnail","hentry","category-capitulo-7","category-codigo-claro","category-estreno","category-programa","category-temporada-2","tag-codigo-claro","post_format-post-format-video","slider-tags-codigo-claro","slider-tags-slider"],"aioseo_notices":[],"_links":{"self":[{"href":"https:\/\/tv.utalca.cl\/index.php?rest_route=\/wp\/v2\/posts\/19089","targetHints":{"allow":["GET"]}}],"collection":[{"href":"https:\/\/tv.utalca.cl\/index.php?rest_route=\/wp\/v2\/posts"}],"about":[{"href":"https:\/\/tv.utalca.cl\/index.php?rest_route=\/wp\/v2\/types\/post"}],"author":[{"embeddable":true,"href":"https:\/\/tv.utalca.cl\/index.php?rest_route=\/wp\/v2\/users\/2"}],"replies":[{"embeddable":true,"href":"https:\/\/tv.utalca.cl\/index.php?rest_route=%2Fwp%2Fv2%2Fcomments&post=19089"}],"version-history":[{"count":1,"href":"https:\/\/tv.utalca.cl\/index.php?rest_route=\/wp\/v2\/posts\/19089\/revisions"}],"predecessor-version":[{"id":19091,"href":"https:\/\/tv.utalca.cl\/index.php?rest_route=\/wp\/v2\/posts\/19089\/revisions\/19091"}],"wp:featuredmedia":[{"embeddable":true,"href":"https:\/\/tv.utalca.cl\/index.php?rest_route=\/wp\/v2\/media\/19090"}],"wp:attachment":[{"href":"https:\/\/tv.utalca.cl\/index.php?rest_route=%2Fwp%2Fv2%2Fmedia&parent=19089"}],"wp:term":[{"taxonomy":"category","embeddable":true,"href":"https:\/\/tv.utalca.cl\/index.php?rest_route=%2Fwp%2Fv2%2Fcategories&post=19089"},{"taxonomy":"post_tag","embeddable":true,"href":"https:\/\/tv.utalca.cl\/index.php?rest_route=%2Fwp%2Fv2%2Ftags&post=19089"}],"curies":[{"name":"wp","href":"https:\/\/api.w.org\/{rel}","templated":true}]}}