{"id":19122,"date":"2025-11-14T10:35:50","date_gmt":"2025-11-14T13:35:50","guid":{"rendered":"https:\/\/tv.utalca.cl\/?p=19122"},"modified":"2026-03-06T15:27:08","modified_gmt":"2026-03-06T18:27:08","slug":"codigo-claro-t2-cap-8-conflictos-vecinales-que-hacer-frente-a-estos-dolores-de-cabeza","status":"publish","type":"post","link":"https:\/\/tv.utalca.cl\/?p=19122","title":{"rendered":"Codigo Claro T2 Cap 8 &#8211; Conflictos vecinales"},"content":{"rendered":"<p><strong>Invitado: Evelyn Vieyra, Acad\u00e9mica Facultad de Ciencias Jur\u00eddicas y Sociales UTalca<\/strong><\/p>\n<p><span style=\"font-weight: 400;\">Los conflictos vecinales en Chile son disputas cotidianas entre quienes comparten un mismo territorio o comunidad. Pueden surgir por ruidos molestos, cierre de pasajes, veh\u00edculos abandonados, o acumulaci\u00f3n de basura, entre otros problemas que afectan la convivencia diaria. Aunque parecen menores, su persistencia deteriora el entorno y las relaciones entre vecinos.\u00a0<\/span><\/p>\n<p><span style=\"font-weight: 400;\">Resolverlos es clave para mantener la paz social y mejorar la calidad de vida. La justicia interviene a trav\u00e9s de los juzgados de polic\u00eda local, municipalidades y, en ciertos casos, el Ministerio P\u00fablico.\u00a0<\/span><\/p>\n<p><span style=\"font-weight: 400;\">En este Cap\u00edtulo se les aborda desde una perspectiva pr\u00e1ctica, lo que permite entender c\u00f3mo actuar y a qui\u00e9n recurrir.\u00a0<\/span><\/p>\n<p><span style=\"font-weight: 400;\">#conflictosvecinales #vecinos #calidaddevida #ruidosmolestos<\/span><\/p>\n","protected":false},"excerpt":{"rendered":"<p>Invitado: Evelyn Vieyra, Acad\u00e9mica Facultad de Ciencias Jur\u00eddicas y Sociales UTalca Los conflictos vecinales en Chile son disputas cotidianas entre quienes comparten un mismo territorio o comunidad. Pueden surgir por ruidos molestos, cierre de pasajes, veh\u00edculos abandonados, o acumulaci\u00f3n de basura, entre otros problemas que afectan la convivencia diaria. Aunque parecen menores, su persistencia deteriora [&hellip;]<\/p>\n","protected":false},"author":2,"featured_media":19123,"comment_status":"closed","ping_status":"closed","sticky":false,"template":"","format":"video","meta":{"om_disable_all_campaigns":false,"_monsterinsights_skip_tracking":false,"_monsterinsights_sitenote_active":false,"_monsterinsights_sitenote_note":"","_monsterinsights_sitenote_category":0,"footnotes":""},"categories":[2250,2301,2295,112,2192],"tags":[2335],"class_list":["post-19122","post","type-post","status-publish","format-video","has-post-thumbnail","hentry","category-capitulo-8","category-codigo-claro","category-estreno","category-programa","category-temporada-2","tag-codigo-claro","post_format-post-format-video","slider-tags-codigo-claro","slider-tags-slider"],"aioseo_notices":[],"_links":{"self":[{"href":"https:\/\/tv.utalca.cl\/index.php?rest_route=\/wp\/v2\/posts\/19122","targetHints":{"allow":["GET"]}}],"collection":[{"href":"https:\/\/tv.utalca.cl\/index.php?rest_route=\/wp\/v2\/posts"}],"about":[{"href":"https:\/\/tv.utalca.cl\/index.php?rest_route=\/wp\/v2\/types\/post"}],"author":[{"embeddable":true,"href":"https:\/\/tv.utalca.cl\/index.php?rest_route=\/wp\/v2\/users\/2"}],"replies":[{"embeddable":true,"href":"https:\/\/tv.utalca.cl\/index.php?rest_route=%2Fwp%2Fv2%2Fcomments&post=19122"}],"version-history":[{"count":2,"href":"https:\/\/tv.utalca.cl\/index.php?rest_route=\/wp\/v2\/posts\/19122\/revisions"}],"predecessor-version":[{"id":19158,"href":"https:\/\/tv.utalca.cl\/index.php?rest_route=\/wp\/v2\/posts\/19122\/revisions\/19158"}],"wp:featuredmedia":[{"embeddable":true,"href":"https:\/\/tv.utalca.cl\/index.php?rest_route=\/wp\/v2\/media\/19123"}],"wp:attachment":[{"href":"https:\/\/tv.utalca.cl\/index.php?rest_route=%2Fwp%2Fv2%2Fmedia&parent=19122"}],"wp:term":[{"taxonomy":"category","embeddable":true,"href":"https:\/\/tv.utalca.cl\/index.php?rest_route=%2Fwp%2Fv2%2Fcategories&post=19122"},{"taxonomy":"post_tag","embeddable":true,"href":"https:\/\/tv.utalca.cl\/index.php?rest_route=%2Fwp%2Fv2%2Ftags&post=19122"}],"curies":[{"name":"wp","href":"https:\/\/api.w.org\/{rel}","templated":true}]}}