{"id":19153,"date":"2025-11-18T16:24:13","date_gmt":"2025-11-18T19:24:13","guid":{"rendered":"https:\/\/tv.utalca.cl\/?p=19153"},"modified":"2025-11-18T16:25:23","modified_gmt":"2025-11-18T19:25:23","slug":"utalca-fue-escenario-de-las-jordanas-de-artes-visuales-y-coleccionismo","status":"publish","type":"post","link":"https:\/\/tv.utalca.cl\/?p=19153","title":{"rendered":"UTalca fue escenario de las Jornadas de Artes Visuales y Coleccionismo"},"content":{"rendered":"<p>La actividad reuni\u00f3 a destacados exponentes de la pl\u00e1stica nacional, adem\u00e1s de acad\u00e9micos, acad\u00e9micas, curadores y estudiantes, en un espacio de di\u00e1logo y reflexi\u00f3n en torno al arte y el patrimonio<\/p>\n","protected":false},"excerpt":{"rendered":"<p>La actividad reuni\u00f3 a destacados exponentes de la pl\u00e1stica nacional, adem\u00e1s de acad\u00e9micos, acad\u00e9micas, curadores y estudiantes, en un espacio de di\u00e1logo y reflexi\u00f3n en torno al arte y el patrimonio<\/p>\n","protected":false},"author":1,"featured_media":19154,"comment_status":"closed","ping_status":"closed","sticky":false,"template":"","format":"video","meta":{"om_disable_all_campaigns":false,"_monsterinsights_skip_tracking":false,"_monsterinsights_sitenote_active":false,"_monsterinsights_sitenote_note":"","_monsterinsights_sitenote_category":0,"footnotes":""},"categories":[93,92],"tags":[],"class_list":["post-19153","post","type-post","status-publish","format-video","has-post-thumbnail","hentry","category-noticias","category-utalcatv-informa","post_format-post-format-video","slider-tags-slider","slider-tags-utalcatv-informa"],"aioseo_notices":[],"_links":{"self":[{"href":"https:\/\/tv.utalca.cl\/index.php?rest_route=\/wp\/v2\/posts\/19153","targetHints":{"allow":["GET"]}}],"collection":[{"href":"https:\/\/tv.utalca.cl\/index.php?rest_route=\/wp\/v2\/posts"}],"about":[{"href":"https:\/\/tv.utalca.cl\/index.php?rest_route=\/wp\/v2\/types\/post"}],"author":[{"embeddable":true,"href":"https:\/\/tv.utalca.cl\/index.php?rest_route=\/wp\/v2\/users\/1"}],"replies":[{"embeddable":true,"href":"https:\/\/tv.utalca.cl\/index.php?rest_route=%2Fwp%2Fv2%2Fcomments&post=19153"}],"version-history":[{"count":3,"href":"https:\/\/tv.utalca.cl\/index.php?rest_route=\/wp\/v2\/posts\/19153\/revisions"}],"predecessor-version":[{"id":19157,"href":"https:\/\/tv.utalca.cl\/index.php?rest_route=\/wp\/v2\/posts\/19153\/revisions\/19157"}],"wp:featuredmedia":[{"embeddable":true,"href":"https:\/\/tv.utalca.cl\/index.php?rest_route=\/wp\/v2\/media\/19154"}],"wp:attachment":[{"href":"https:\/\/tv.utalca.cl\/index.php?rest_route=%2Fwp%2Fv2%2Fmedia&parent=19153"}],"wp:term":[{"taxonomy":"category","embeddable":true,"href":"https:\/\/tv.utalca.cl\/index.php?rest_route=%2Fwp%2Fv2%2Fcategories&post=19153"},{"taxonomy":"post_tag","embeddable":true,"href":"https:\/\/tv.utalca.cl\/index.php?rest_route=%2Fwp%2Fv2%2Ftags&post=19153"}],"curies":[{"name":"wp","href":"https:\/\/api.w.org\/{rel}","templated":true}]}}