{"id":19249,"date":"2025-12-02T08:40:18","date_gmt":"2025-12-02T11:40:18","guid":{"rendered":"https:\/\/tv.utalca.cl\/?p=19249"},"modified":"2025-12-02T08:40:18","modified_gmt":"2025-12-02T11:40:18","slug":"utalca-y-junaeb-fortalecen-atencion-auditiva-para-escolares-del-maule","status":"publish","type":"post","link":"https:\/\/tv.utalca.cl\/?p=19249","title":{"rendered":"UTalca y Junaeb fortalecen atenci\u00f3n auditiva para escolares del Maule"},"content":{"rendered":"<p>Uno de los principales apoyos se ha concentrado en el \u00e1rea de la fonoaudiolog\u00eda. En esta ocasi\u00f3n, ni\u00f1as, ni\u00f1os y j\u00f3venes de distintas comunas de la Regi\u00f3n recibieron aud\u00edfonos para fortalecer su comunicaci\u00f3n, inclusi\u00f3n y aprendizaje.<\/p>\n","protected":false},"excerpt":{"rendered":"<p>Uno de los principales apoyos se ha concentrado en el \u00e1rea de la fonoaudiolog\u00eda. En esta ocasi\u00f3n, ni\u00f1as, ni\u00f1os y j\u00f3venes de distintas comunas de la Regi\u00f3n recibieron aud\u00edfonos para fortalecer su comunicaci\u00f3n, inclusi\u00f3n y aprendizaje.<\/p>\n","protected":false},"author":1,"featured_media":19250,"comment_status":"closed","ping_status":"closed","sticky":false,"template":"","format":"video","meta":{"om_disable_all_campaigns":false,"_monsterinsights_skip_tracking":false,"_monsterinsights_sitenote_active":false,"_monsterinsights_sitenote_note":"","_monsterinsights_sitenote_category":0,"footnotes":""},"categories":[93,92],"tags":[],"class_list":["post-19249","post","type-post","status-publish","format-video","has-post-thumbnail","hentry","category-noticias","category-utalcatv-informa","post_format-post-format-video","slider-tags-slider","slider-tags-utalcatv-informa"],"aioseo_notices":[],"_links":{"self":[{"href":"https:\/\/tv.utalca.cl\/index.php?rest_route=\/wp\/v2\/posts\/19249","targetHints":{"allow":["GET"]}}],"collection":[{"href":"https:\/\/tv.utalca.cl\/index.php?rest_route=\/wp\/v2\/posts"}],"about":[{"href":"https:\/\/tv.utalca.cl\/index.php?rest_route=\/wp\/v2\/types\/post"}],"author":[{"embeddable":true,"href":"https:\/\/tv.utalca.cl\/index.php?rest_route=\/wp\/v2\/users\/1"}],"replies":[{"embeddable":true,"href":"https:\/\/tv.utalca.cl\/index.php?rest_route=%2Fwp%2Fv2%2Fcomments&post=19249"}],"version-history":[{"count":1,"href":"https:\/\/tv.utalca.cl\/index.php?rest_route=\/wp\/v2\/posts\/19249\/revisions"}],"predecessor-version":[{"id":19251,"href":"https:\/\/tv.utalca.cl\/index.php?rest_route=\/wp\/v2\/posts\/19249\/revisions\/19251"}],"wp:featuredmedia":[{"embeddable":true,"href":"https:\/\/tv.utalca.cl\/index.php?rest_route=\/wp\/v2\/media\/19250"}],"wp:attachment":[{"href":"https:\/\/tv.utalca.cl\/index.php?rest_route=%2Fwp%2Fv2%2Fmedia&parent=19249"}],"wp:term":[{"taxonomy":"category","embeddable":true,"href":"https:\/\/tv.utalca.cl\/index.php?rest_route=%2Fwp%2Fv2%2Fcategories&post=19249"},{"taxonomy":"post_tag","embeddable":true,"href":"https:\/\/tv.utalca.cl\/index.php?rest_route=%2Fwp%2Fv2%2Ftags&post=19249"}],"curies":[{"name":"wp","href":"https:\/\/api.w.org\/{rel}","templated":true}]}}