{"id":19252,"date":"2025-12-02T15:32:27","date_gmt":"2025-12-02T18:32:27","guid":{"rendered":"https:\/\/tv.utalca.cl\/?p=19252"},"modified":"2025-12-04T09:59:29","modified_gmt":"2025-12-04T12:59:29","slug":"utalca-amplia-oferta-de-minors-para-sus-estudiantes","status":"publish","type":"post","link":"https:\/\/tv.utalca.cl\/?p=19252","title":{"rendered":"UTalca ampl\u00eda oferta de minors para sus estudiantes"},"content":{"rendered":"<p>Artes, tecnolog\u00eda, sustentabilidad, creatividad, emprendimiento y ciudadan\u00eda global ser\u00e1n parte de las nuevas l\u00edneas formativas que la Instituci\u00f3n incorporar\u00e1 a partir de 2026. La iniciativa permitir\u00e1 que las y los estudiantes complementen sus carreras y puedan responder a los desaf\u00edos actuales.<\/p>\n","protected":false},"excerpt":{"rendered":"<p>Artes, tecnolog\u00eda, sustentabilidad, creatividad, emprendimiento y ciudadan\u00eda global ser\u00e1n parte de las nuevas l\u00edneas formativas que la Instituci\u00f3n incorporar\u00e1 a partir de 2026. La iniciativa permitir\u00e1 que las y los estudiantes complementen sus carreras y puedan responder a los desaf\u00edos actuales.<\/p>\n","protected":false},"author":1,"featured_media":19253,"comment_status":"closed","ping_status":"closed","sticky":false,"template":"","format":"video","meta":{"om_disable_all_campaigns":false,"_monsterinsights_skip_tracking":false,"_monsterinsights_sitenote_active":false,"_monsterinsights_sitenote_note":"","_monsterinsights_sitenote_category":0,"footnotes":""},"categories":[93,92],"tags":[],"class_list":["post-19252","post","type-post","status-publish","format-video","has-post-thumbnail","hentry","category-noticias","category-utalcatv-informa","post_format-post-format-video","slider-tags-slider","slider-tags-utalcatv-informa"],"aioseo_notices":[],"_links":{"self":[{"href":"https:\/\/tv.utalca.cl\/index.php?rest_route=\/wp\/v2\/posts\/19252","targetHints":{"allow":["GET"]}}],"collection":[{"href":"https:\/\/tv.utalca.cl\/index.php?rest_route=\/wp\/v2\/posts"}],"about":[{"href":"https:\/\/tv.utalca.cl\/index.php?rest_route=\/wp\/v2\/types\/post"}],"author":[{"embeddable":true,"href":"https:\/\/tv.utalca.cl\/index.php?rest_route=\/wp\/v2\/users\/1"}],"replies":[{"embeddable":true,"href":"https:\/\/tv.utalca.cl\/index.php?rest_route=%2Fwp%2Fv2%2Fcomments&post=19252"}],"version-history":[{"count":1,"href":"https:\/\/tv.utalca.cl\/index.php?rest_route=\/wp\/v2\/posts\/19252\/revisions"}],"predecessor-version":[{"id":19254,"href":"https:\/\/tv.utalca.cl\/index.php?rest_route=\/wp\/v2\/posts\/19252\/revisions\/19254"}],"wp:featuredmedia":[{"embeddable":true,"href":"https:\/\/tv.utalca.cl\/index.php?rest_route=\/wp\/v2\/media\/19253"}],"wp:attachment":[{"href":"https:\/\/tv.utalca.cl\/index.php?rest_route=%2Fwp%2Fv2%2Fmedia&parent=19252"}],"wp:term":[{"taxonomy":"category","embeddable":true,"href":"https:\/\/tv.utalca.cl\/index.php?rest_route=%2Fwp%2Fv2%2Fcategories&post=19252"},{"taxonomy":"post_tag","embeddable":true,"href":"https:\/\/tv.utalca.cl\/index.php?rest_route=%2Fwp%2Fv2%2Ftags&post=19252"}],"curies":[{"name":"wp","href":"https:\/\/api.w.org\/{rel}","templated":true}]}}