{"id":19423,"date":"2026-01-16T09:50:32","date_gmt":"2026-01-16T12:50:32","guid":{"rendered":"https:\/\/tv.utalca.cl\/?p=19423"},"modified":"2026-01-16T09:50:32","modified_gmt":"2026-01-16T12:50:32","slug":"estudiantes-de-la-utalca-viviran-experiencia-academica-en-el-extranjero","status":"publish","type":"post","link":"https:\/\/tv.utalca.cl\/?p=19423","title":{"rendered":"Estudiantes de la UTalca vivir\u00e1n experiencia acad\u00e9mica en el extranjero"},"content":{"rendered":"<p>Corea del Sur, Alemania e Italia, entre otros destinos, recibir\u00e1n a 66 estudiantes de pregrado que cursar\u00e1n un semestre acad\u00e9mico en casas de estudios de Europa, Am\u00e9rica y Asia, con las cuales la Casa de Estudios mantiene convenios vigentes<\/p>\n","protected":false},"excerpt":{"rendered":"<p>Corea del Sur, Alemania e Italia, entre otros destinos, recibir\u00e1n a 66 estudiantes de pregrado que cursar\u00e1n un semestre acad\u00e9mico en casas de estudios de Europa, Am\u00e9rica y Asia, con las cuales la Casa de Estudios mantiene convenios vigentes<\/p>\n","protected":false},"author":1,"featured_media":19424,"comment_status":"closed","ping_status":"closed","sticky":false,"template":"","format":"video","meta":{"om_disable_all_campaigns":false,"_monsterinsights_skip_tracking":false,"_monsterinsights_sitenote_active":false,"_monsterinsights_sitenote_note":"","_monsterinsights_sitenote_category":0,"footnotes":""},"categories":[93,92],"tags":[],"class_list":["post-19423","post","type-post","status-publish","format-video","has-post-thumbnail","hentry","category-noticias","category-utalcatv-informa","post_format-post-format-video","slider-tags-slider","slider-tags-utalcatv-informa"],"aioseo_notices":[],"_links":{"self":[{"href":"https:\/\/tv.utalca.cl\/index.php?rest_route=\/wp\/v2\/posts\/19423","targetHints":{"allow":["GET"]}}],"collection":[{"href":"https:\/\/tv.utalca.cl\/index.php?rest_route=\/wp\/v2\/posts"}],"about":[{"href":"https:\/\/tv.utalca.cl\/index.php?rest_route=\/wp\/v2\/types\/post"}],"author":[{"embeddable":true,"href":"https:\/\/tv.utalca.cl\/index.php?rest_route=\/wp\/v2\/users\/1"}],"replies":[{"embeddable":true,"href":"https:\/\/tv.utalca.cl\/index.php?rest_route=%2Fwp%2Fv2%2Fcomments&post=19423"}],"version-history":[{"count":1,"href":"https:\/\/tv.utalca.cl\/index.php?rest_route=\/wp\/v2\/posts\/19423\/revisions"}],"predecessor-version":[{"id":19425,"href":"https:\/\/tv.utalca.cl\/index.php?rest_route=\/wp\/v2\/posts\/19423\/revisions\/19425"}],"wp:featuredmedia":[{"embeddable":true,"href":"https:\/\/tv.utalca.cl\/index.php?rest_route=\/wp\/v2\/media\/19424"}],"wp:attachment":[{"href":"https:\/\/tv.utalca.cl\/index.php?rest_route=%2Fwp%2Fv2%2Fmedia&parent=19423"}],"wp:term":[{"taxonomy":"category","embeddable":true,"href":"https:\/\/tv.utalca.cl\/index.php?rest_route=%2Fwp%2Fv2%2Fcategories&post=19423"},{"taxonomy":"post_tag","embeddable":true,"href":"https:\/\/tv.utalca.cl\/index.php?rest_route=%2Fwp%2Fv2%2Ftags&post=19423"}],"curies":[{"name":"wp","href":"https:\/\/api.w.org\/{rel}","templated":true}]}}