{"id":19459,"date":"2026-01-20T16:36:27","date_gmt":"2026-01-20T19:36:27","guid":{"rendered":"https:\/\/tv.utalca.cl\/?p=19459"},"modified":"2026-01-20T16:36:27","modified_gmt":"2026-01-20T19:36:27","slug":"jardin-botanico-y-espacios-culturales-de-la-utalca-permaneceran-abiertos-durante-el-verano","status":"publish","type":"post","link":"https:\/\/tv.utalca.cl\/?p=19459","title":{"rendered":"Jard\u00edn Bot\u00e1nico y espacios culturales de la UTalca permanecer\u00e1n abiertos durante el verano"},"content":{"rendered":"<p>La Galer\u00eda NUGA, el Parque de Esculturas y los Centros de Extensi\u00f3n en Talca, Curic\u00f3 y Santiago tambi\u00e9n recibir\u00e1n visitantes durante toda la temporada estival.<\/p>\n","protected":false},"excerpt":{"rendered":"<p>La Galer\u00eda NUGA, el Parque de Esculturas y los Centros de Extensi\u00f3n en Talca, Curic\u00f3 y Santiago tambi\u00e9n recibir\u00e1n visitantes durante toda la temporada estival.<\/p>\n","protected":false},"author":1,"featured_media":19460,"comment_status":"closed","ping_status":"closed","sticky":false,"template":"","format":"video","meta":{"om_disable_all_campaigns":false,"_monsterinsights_skip_tracking":false,"_monsterinsights_sitenote_active":false,"_monsterinsights_sitenote_note":"","_monsterinsights_sitenote_category":0,"footnotes":""},"categories":[93,92],"tags":[],"class_list":["post-19459","post","type-post","status-publish","format-video","has-post-thumbnail","hentry","category-noticias","category-utalcatv-informa","post_format-post-format-video","slider-tags-slider","slider-tags-utalcatv-informa"],"aioseo_notices":[],"_links":{"self":[{"href":"https:\/\/tv.utalca.cl\/index.php?rest_route=\/wp\/v2\/posts\/19459","targetHints":{"allow":["GET"]}}],"collection":[{"href":"https:\/\/tv.utalca.cl\/index.php?rest_route=\/wp\/v2\/posts"}],"about":[{"href":"https:\/\/tv.utalca.cl\/index.php?rest_route=\/wp\/v2\/types\/post"}],"author":[{"embeddable":true,"href":"https:\/\/tv.utalca.cl\/index.php?rest_route=\/wp\/v2\/users\/1"}],"replies":[{"embeddable":true,"href":"https:\/\/tv.utalca.cl\/index.php?rest_route=%2Fwp%2Fv2%2Fcomments&post=19459"}],"version-history":[{"count":1,"href":"https:\/\/tv.utalca.cl\/index.php?rest_route=\/wp\/v2\/posts\/19459\/revisions"}],"predecessor-version":[{"id":19461,"href":"https:\/\/tv.utalca.cl\/index.php?rest_route=\/wp\/v2\/posts\/19459\/revisions\/19461"}],"wp:featuredmedia":[{"embeddable":true,"href":"https:\/\/tv.utalca.cl\/index.php?rest_route=\/wp\/v2\/media\/19460"}],"wp:attachment":[{"href":"https:\/\/tv.utalca.cl\/index.php?rest_route=%2Fwp%2Fv2%2Fmedia&parent=19459"}],"wp:term":[{"taxonomy":"category","embeddable":true,"href":"https:\/\/tv.utalca.cl\/index.php?rest_route=%2Fwp%2Fv2%2Fcategories&post=19459"},{"taxonomy":"post_tag","embeddable":true,"href":"https:\/\/tv.utalca.cl\/index.php?rest_route=%2Fwp%2Fv2%2Ftags&post=19459"}],"curies":[{"name":"wp","href":"https:\/\/api.w.org\/{rel}","templated":true}]}}