{"id":1958,"date":"2019-01-18T14:11:07","date_gmt":"2019-01-18T14:11:07","guid":{"rendered":"http:\/\/desarrollowp.utalca.cl\/?p=1958"},"modified":"2025-04-11T13:20:39","modified_gmt":"2025-04-11T17:20:39","slug":"programa-jovenes-profesionales-busca-fortalecer-la-gestion-publica","status":"publish","type":"post","link":"https:\/\/tv.utalca.cl\/?p=1958","title":{"rendered":"Programa J\u00f3venes Profesionales fortaleci\u00f3 la gesti\u00f3n p\u00fablica"},"content":{"rendered":"<p>Un grupo de reci\u00e9n titulados de la Universidad de Talca ingres\u00f3 a diversos municipios y centros hospitalarios de la regi\u00f3n gracias a un convenio de esta casa de estudios con estos organismos.<\/p>\n","protected":false},"excerpt":{"rendered":"<p>Un grupo de reci\u00e9n titulados de la Universidad de Talca ingres\u00f3 a diversos municipios y centros hospitalarios de la regi\u00f3n gracias a un convenio de esta casa de estudios con estos organismos.<\/p>\n","protected":false},"author":1,"featured_media":1959,"comment_status":"closed","ping_status":"open","sticky":false,"template":"","format":"video","meta":{"om_disable_all_campaigns":false,"_monsterinsights_skip_tracking":false,"_monsterinsights_sitenote_active":false,"_monsterinsights_sitenote_note":"","_monsterinsights_sitenote_category":0,"footnotes":""},"categories":[93,92],"tags":[370,372,369,368,79,70,371,123],"class_list":["post-1958","post","type-post","status-publish","format-video","has-post-thumbnail","hentry","category-noticias","category-utalcatv-informa","tag-diplomado","tag-direccion-de-vinculacion","tag-gestion-publica","tag-jovenes-profesionales","tag-universidad-de-talca","tag-utalca","tag-vinculacion","tag-vinculacion-con-el-medio","post_format-post-format-video","slider-tags-campustv-informa","slider-tags-slider","slider-tags-titular"],"aioseo_notices":[],"_links":{"self":[{"href":"https:\/\/tv.utalca.cl\/index.php?rest_route=\/wp\/v2\/posts\/1958","targetHints":{"allow":["GET"]}}],"collection":[{"href":"https:\/\/tv.utalca.cl\/index.php?rest_route=\/wp\/v2\/posts"}],"about":[{"href":"https:\/\/tv.utalca.cl\/index.php?rest_route=\/wp\/v2\/types\/post"}],"author":[{"embeddable":true,"href":"https:\/\/tv.utalca.cl\/index.php?rest_route=\/wp\/v2\/users\/1"}],"replies":[{"embeddable":true,"href":"https:\/\/tv.utalca.cl\/index.php?rest_route=%2Fwp%2Fv2%2Fcomments&post=1958"}],"version-history":[{"count":2,"href":"https:\/\/tv.utalca.cl\/index.php?rest_route=\/wp\/v2\/posts\/1958\/revisions"}],"predecessor-version":[{"id":2038,"href":"https:\/\/tv.utalca.cl\/index.php?rest_route=\/wp\/v2\/posts\/1958\/revisions\/2038"}],"wp:featuredmedia":[{"embeddable":true,"href":"https:\/\/tv.utalca.cl\/index.php?rest_route=\/wp\/v2\/media\/1959"}],"wp:attachment":[{"href":"https:\/\/tv.utalca.cl\/index.php?rest_route=%2Fwp%2Fv2%2Fmedia&parent=1958"}],"wp:term":[{"taxonomy":"category","embeddable":true,"href":"https:\/\/tv.utalca.cl\/index.php?rest_route=%2Fwp%2Fv2%2Fcategories&post=1958"},{"taxonomy":"post_tag","embeddable":true,"href":"https:\/\/tv.utalca.cl\/index.php?rest_route=%2Fwp%2Fv2%2Ftags&post=1958"}],"curies":[{"name":"wp","href":"https:\/\/api.w.org\/{rel}","templated":true}]}}