{"id":19797,"date":"2026-04-24T08:33:28","date_gmt":"2026-04-24T12:33:28","guid":{"rendered":"https:\/\/tv.utalca.cl\/?p=19797"},"modified":"2026-04-24T08:33:28","modified_gmt":"2026-04-24T12:33:28","slug":"utalca-y-su-editorial-realizaran-conversatorio-online-con-mariana-enriquez","status":"publish","type":"post","link":"https:\/\/tv.utalca.cl\/?p=19797","title":{"rendered":"UTalca y su Editorial realizar\u00e1n conversatorio online con Mariana Enr\u00edquez"},"content":{"rendered":"<p>La actividad se realizar\u00e1 el mi\u00e9rcoles 29 de abril en torno a su libro La luz en habitaciones vac\u00edas. Revisa m\u00e1s informaci\u00f3n en la siguiente s\u00edntesis, que tambi\u00e9n incluye una nueva edici\u00f3n del Caf\u00e9 Literario en el Centro de Extensi\u00f3n de Curic\u00f3.<\/p>\n","protected":false},"excerpt":{"rendered":"<p>La actividad se realizar\u00e1 el mi\u00e9rcoles 29 de abril en torno a su libro La luz en habitaciones vac\u00edas. Revisa m\u00e1s informaci\u00f3n en la siguiente s\u00edntesis, que tambi\u00e9n incluye una nueva edici\u00f3n del Caf\u00e9 Literario en el Centro de Extensi\u00f3n de Curic\u00f3.<\/p>\n","protected":false},"author":10,"featured_media":19798,"comment_status":"closed","ping_status":"closed","sticky":false,"template":"","format":"video","meta":{"om_disable_all_campaigns":false,"_monsterinsights_skip_tracking":false,"_monsterinsights_sitenote_active":false,"_monsterinsights_sitenote_note":"","_monsterinsights_sitenote_category":0,"footnotes":""},"categories":[93,92],"tags":[],"class_list":["post-19797","post","type-post","status-publish","format-video","has-post-thumbnail","hentry","category-noticias","category-utalcatv-informa","post_format-post-format-video","slider-tags-slider","slider-tags-utalcatv-informa"],"aioseo_notices":[],"_links":{"self":[{"href":"https:\/\/tv.utalca.cl\/index.php?rest_route=\/wp\/v2\/posts\/19797","targetHints":{"allow":["GET"]}}],"collection":[{"href":"https:\/\/tv.utalca.cl\/index.php?rest_route=\/wp\/v2\/posts"}],"about":[{"href":"https:\/\/tv.utalca.cl\/index.php?rest_route=\/wp\/v2\/types\/post"}],"author":[{"embeddable":true,"href":"https:\/\/tv.utalca.cl\/index.php?rest_route=\/wp\/v2\/users\/10"}],"replies":[{"embeddable":true,"href":"https:\/\/tv.utalca.cl\/index.php?rest_route=%2Fwp%2Fv2%2Fcomments&post=19797"}],"version-history":[{"count":1,"href":"https:\/\/tv.utalca.cl\/index.php?rest_route=\/wp\/v2\/posts\/19797\/revisions"}],"predecessor-version":[{"id":19799,"href":"https:\/\/tv.utalca.cl\/index.php?rest_route=\/wp\/v2\/posts\/19797\/revisions\/19799"}],"wp:featuredmedia":[{"embeddable":true,"href":"https:\/\/tv.utalca.cl\/index.php?rest_route=\/wp\/v2\/media\/19798"}],"wp:attachment":[{"href":"https:\/\/tv.utalca.cl\/index.php?rest_route=%2Fwp%2Fv2%2Fmedia&parent=19797"}],"wp:term":[{"taxonomy":"category","embeddable":true,"href":"https:\/\/tv.utalca.cl\/index.php?rest_route=%2Fwp%2Fv2%2Fcategories&post=19797"},{"taxonomy":"post_tag","embeddable":true,"href":"https:\/\/tv.utalca.cl\/index.php?rest_route=%2Fwp%2Fv2%2Ftags&post=19797"}],"curies":[{"name":"wp","href":"https:\/\/api.w.org\/{rel}","templated":true}]}}