{"id":19846,"date":"2026-04-30T16:23:19","date_gmt":"2026-04-30T20:23:19","guid":{"rendered":"https:\/\/tv.utalca.cl\/?p=19846"},"modified":"2026-04-30T16:23:58","modified_gmt":"2026-04-30T20:23:58","slug":"inaugura-muestra-laminas-de-luz-modulada-en-extension-de-la-utalca","status":"publish","type":"post","link":"https:\/\/tv.utalca.cl\/?p=19846","title":{"rendered":"Inauguran muestra \u201cL\u00e1minas de Luz Modulada\u201d en Extensi\u00f3n de la UTalca"},"content":{"rendered":"<p><span style=\"font-weight: 400;\">Se trata de la primera exposici\u00f3n del acad\u00e9mico de la Escuela de Dise\u00f1o, Javier Lorca, quien explora la relaci\u00f3n entre la cer\u00e1mica y la luz.<\/span><\/p>\n","protected":false},"excerpt":{"rendered":"<p>Se trata de la primera exposici\u00f3n del acad\u00e9mico de la Escuela de Dise\u00f1o, Javier Lorca, quien explora la relaci\u00f3n entre la cer\u00e1mica y la luz.<\/p>\n","protected":false},"author":10,"featured_media":19851,"comment_status":"closed","ping_status":"closed","sticky":false,"template":"","format":"video","meta":{"om_disable_all_campaigns":false,"_monsterinsights_skip_tracking":false,"_monsterinsights_sitenote_active":false,"_monsterinsights_sitenote_note":"","_monsterinsights_sitenote_category":0,"footnotes":""},"categories":[93,92],"tags":[],"class_list":["post-19846","post","type-post","status-publish","format-video","has-post-thumbnail","hentry","category-noticias","category-utalcatv-informa","post_format-post-format-video","slider-tags-slider","slider-tags-utalcatv-informa"],"aioseo_notices":[],"_links":{"self":[{"href":"https:\/\/tv.utalca.cl\/index.php?rest_route=\/wp\/v2\/posts\/19846","targetHints":{"allow":["GET"]}}],"collection":[{"href":"https:\/\/tv.utalca.cl\/index.php?rest_route=\/wp\/v2\/posts"}],"about":[{"href":"https:\/\/tv.utalca.cl\/index.php?rest_route=\/wp\/v2\/types\/post"}],"author":[{"embeddable":true,"href":"https:\/\/tv.utalca.cl\/index.php?rest_route=\/wp\/v2\/users\/10"}],"replies":[{"embeddable":true,"href":"https:\/\/tv.utalca.cl\/index.php?rest_route=%2Fwp%2Fv2%2Fcomments&post=19846"}],"version-history":[{"count":2,"href":"https:\/\/tv.utalca.cl\/index.php?rest_route=\/wp\/v2\/posts\/19846\/revisions"}],"predecessor-version":[{"id":19853,"href":"https:\/\/tv.utalca.cl\/index.php?rest_route=\/wp\/v2\/posts\/19846\/revisions\/19853"}],"wp:featuredmedia":[{"embeddable":true,"href":"https:\/\/tv.utalca.cl\/index.php?rest_route=\/wp\/v2\/media\/19851"}],"wp:attachment":[{"href":"https:\/\/tv.utalca.cl\/index.php?rest_route=%2Fwp%2Fv2%2Fmedia&parent=19846"}],"wp:term":[{"taxonomy":"category","embeddable":true,"href":"https:\/\/tv.utalca.cl\/index.php?rest_route=%2Fwp%2Fv2%2Fcategories&post=19846"},{"taxonomy":"post_tag","embeddable":true,"href":"https:\/\/tv.utalca.cl\/index.php?rest_route=%2Fwp%2Fv2%2Ftags&post=19846"}],"curies":[{"name":"wp","href":"https:\/\/api.w.org\/{rel}","templated":true}]}}