{"id":2007,"date":"2019-01-18T15:09:44","date_gmt":"2019-01-18T15:09:44","guid":{"rendered":"http:\/\/desarrollowp.utalca.cl\/?p=2007"},"modified":"2025-04-11T13:20:38","modified_gmt":"2025-04-11T17:20:38","slug":"making-of-alfonso-fernandez","status":"publish","type":"post","link":"https:\/\/tv.utalca.cl\/?p=2007","title":{"rendered":"Making Of &#8211; Alfonso Fern\u00e1ndez"},"content":{"rendered":"<p>En este cap\u00edtulo de Making Of conoceremos m\u00e1s sobre el artista visual Alfonso Fern\u00e1ndez, quien nos presenta su exposici\u00f3n De morir a nada.<\/p>\n","protected":false},"excerpt":{"rendered":"<p>En este cap\u00edtulo de Making Of conoceremos m\u00e1s sobre el artista visual Alfonso Fern\u00e1ndez, quien nos presenta su exposici\u00f3n De morir a nada.<\/p>\n","protected":false},"author":1,"featured_media":2008,"comment_status":"closed","ping_status":"open","sticky":false,"template":"","format":"video","meta":{"om_disable_all_campaigns":false,"_monsterinsights_skip_tracking":false,"_monsterinsights_sitenote_active":false,"_monsterinsights_sitenote_note":"","_monsterinsights_sitenote_category":0,"footnotes":""},"categories":[373],"tags":[384,174,379,380,375,70],"class_list":["post-2007","post","type-post","status-publish","format-video","has-post-thumbnail","hentry","category-making-of","tag-alfonso-fernandez","tag-arte","tag-centro-de-extension","tag-direccion-de-extension-artistica-cultural","tag-making-of","tag-utalca","post_format-post-format-video","slider-tags-making-of"],"aioseo_notices":[],"_links":{"self":[{"href":"https:\/\/tv.utalca.cl\/index.php?rest_route=\/wp\/v2\/posts\/2007","targetHints":{"allow":["GET"]}}],"collection":[{"href":"https:\/\/tv.utalca.cl\/index.php?rest_route=\/wp\/v2\/posts"}],"about":[{"href":"https:\/\/tv.utalca.cl\/index.php?rest_route=\/wp\/v2\/types\/post"}],"author":[{"embeddable":true,"href":"https:\/\/tv.utalca.cl\/index.php?rest_route=\/wp\/v2\/users\/1"}],"replies":[{"embeddable":true,"href":"https:\/\/tv.utalca.cl\/index.php?rest_route=%2Fwp%2Fv2%2Fcomments&post=2007"}],"version-history":[{"count":1,"href":"https:\/\/tv.utalca.cl\/index.php?rest_route=\/wp\/v2\/posts\/2007\/revisions"}],"predecessor-version":[{"id":2009,"href":"https:\/\/tv.utalca.cl\/index.php?rest_route=\/wp\/v2\/posts\/2007\/revisions\/2009"}],"wp:featuredmedia":[{"embeddable":true,"href":"https:\/\/tv.utalca.cl\/index.php?rest_route=\/wp\/v2\/media\/2008"}],"wp:attachment":[{"href":"https:\/\/tv.utalca.cl\/index.php?rest_route=%2Fwp%2Fv2%2Fmedia&parent=2007"}],"wp:term":[{"taxonomy":"category","embeddable":true,"href":"https:\/\/tv.utalca.cl\/index.php?rest_route=%2Fwp%2Fv2%2Fcategories&post=2007"},{"taxonomy":"post_tag","embeddable":true,"href":"https:\/\/tv.utalca.cl\/index.php?rest_route=%2Fwp%2Fv2%2Ftags&post=2007"}],"curies":[{"name":"wp","href":"https:\/\/api.w.org\/{rel}","templated":true}]}}