{"id":2329,"date":"2019-01-21T20:59:25","date_gmt":"2019-01-21T20:59:25","guid":{"rendered":"http:\/\/desarrollowp.utalca.cl\/?p=2329"},"modified":"2025-04-11T13:20:33","modified_gmt":"2025-04-11T17:20:33","slug":"elvira-hernandez","status":"publish","type":"post","link":"https:\/\/tv.utalca.cl\/?p=2329","title":{"rendered":"Elvira Hern\u00e1ndez"},"content":{"rendered":"<p>En este cap\u00edtulo conversaremos con la poetisa, ensayista y cr\u00edtica literaria chilena.<\/p>\n","protected":false},"excerpt":{"rendered":"<p>En este cap\u00edtulo conversaremos con la poetisa, ensayista y cr\u00edtica literaria chilena.<\/p>\n","protected":false},"author":1,"featured_media":2330,"comment_status":"closed","ping_status":"open","sticky":false,"template":"","format":"video","meta":{"om_disable_all_campaigns":false,"_monsterinsights_skip_tracking":false,"_monsterinsights_sitenote_active":false,"_monsterinsights_sitenote_note":"","_monsterinsights_sitenote_category":0,"footnotes":""},"categories":[451,112],"tags":[450,453,380,457,70],"class_list":["post-2329","post","type-post","status-publish","format-video","has-post-thumbnail","hentry","category-conversatorios-culturales","category-programa","tag-centro-de-extension-utalca","tag-conversatorios-culturales","tag-direccion-de-extension-artistica-cultural","tag-elisa-hernandez","tag-utalca","post_format-post-format-video","slider-tags-conversatorios-culturales"],"aioseo_notices":[],"_links":{"self":[{"href":"https:\/\/tv.utalca.cl\/index.php?rest_route=\/wp\/v2\/posts\/2329","targetHints":{"allow":["GET"]}}],"collection":[{"href":"https:\/\/tv.utalca.cl\/index.php?rest_route=\/wp\/v2\/posts"}],"about":[{"href":"https:\/\/tv.utalca.cl\/index.php?rest_route=\/wp\/v2\/types\/post"}],"author":[{"embeddable":true,"href":"https:\/\/tv.utalca.cl\/index.php?rest_route=\/wp\/v2\/users\/1"}],"replies":[{"embeddable":true,"href":"https:\/\/tv.utalca.cl\/index.php?rest_route=%2Fwp%2Fv2%2Fcomments&post=2329"}],"version-history":[{"count":1,"href":"https:\/\/tv.utalca.cl\/index.php?rest_route=\/wp\/v2\/posts\/2329\/revisions"}],"predecessor-version":[{"id":2331,"href":"https:\/\/tv.utalca.cl\/index.php?rest_route=\/wp\/v2\/posts\/2329\/revisions\/2331"}],"wp:featuredmedia":[{"embeddable":true,"href":"https:\/\/tv.utalca.cl\/index.php?rest_route=\/wp\/v2\/media\/2330"}],"wp:attachment":[{"href":"https:\/\/tv.utalca.cl\/index.php?rest_route=%2Fwp%2Fv2%2Fmedia&parent=2329"}],"wp:term":[{"taxonomy":"category","embeddable":true,"href":"https:\/\/tv.utalca.cl\/index.php?rest_route=%2Fwp%2Fv2%2Fcategories&post=2329"},{"taxonomy":"post_tag","embeddable":true,"href":"https:\/\/tv.utalca.cl\/index.php?rest_route=%2Fwp%2Fv2%2Ftags&post=2329"}],"curies":[{"name":"wp","href":"https:\/\/api.w.org\/{rel}","templated":true}]}}