{"id":2342,"date":"2019-01-21T21:14:40","date_gmt":"2019-01-21T21:14:40","guid":{"rendered":"http:\/\/desarrollowp.utalca.cl\/?p=2342"},"modified":"2025-04-11T13:20:33","modified_gmt":"2025-04-11T17:20:33","slug":"oscar-contardo","status":"publish","type":"post","link":"https:\/\/tv.utalca.cl\/?p=2342","title":{"rendered":"\u00d3scar Contardo"},"content":{"rendered":"<p>En este cap\u00edtulo conversaremos con el periodista, escritor y cr\u00edtico chileno.<\/p>\n","protected":false},"excerpt":{"rendered":"<p>En este cap\u00edtulo conversaremos con el periodista, escritor y cr\u00edtico chileno.<\/p>\n","protected":false},"author":1,"featured_media":2343,"comment_status":"closed","ping_status":"open","sticky":false,"template":"","format":"video","meta":{"om_disable_all_campaigns":false,"_monsterinsights_skip_tracking":false,"_monsterinsights_sitenote_active":false,"_monsterinsights_sitenote_note":"","_monsterinsights_sitenote_category":0,"footnotes":""},"categories":[451,112],"tags":[379,450,453,380,460],"class_list":["post-2342","post","type-post","status-publish","format-video","has-post-thumbnail","hentry","category-conversatorios-culturales","category-programa","tag-centro-de-extension","tag-centro-de-extension-utalca","tag-conversatorios-culturales","tag-direccion-de-extension-artistica-cultural","tag-oscar-contardo","post_format-post-format-video","slider-tags-conversatorios-culturales"],"aioseo_notices":[],"_links":{"self":[{"href":"https:\/\/tv.utalca.cl\/index.php?rest_route=\/wp\/v2\/posts\/2342","targetHints":{"allow":["GET"]}}],"collection":[{"href":"https:\/\/tv.utalca.cl\/index.php?rest_route=\/wp\/v2\/posts"}],"about":[{"href":"https:\/\/tv.utalca.cl\/index.php?rest_route=\/wp\/v2\/types\/post"}],"author":[{"embeddable":true,"href":"https:\/\/tv.utalca.cl\/index.php?rest_route=\/wp\/v2\/users\/1"}],"replies":[{"embeddable":true,"href":"https:\/\/tv.utalca.cl\/index.php?rest_route=%2Fwp%2Fv2%2Fcomments&post=2342"}],"version-history":[{"count":1,"href":"https:\/\/tv.utalca.cl\/index.php?rest_route=\/wp\/v2\/posts\/2342\/revisions"}],"predecessor-version":[{"id":2344,"href":"https:\/\/tv.utalca.cl\/index.php?rest_route=\/wp\/v2\/posts\/2342\/revisions\/2344"}],"wp:featuredmedia":[{"embeddable":true,"href":"https:\/\/tv.utalca.cl\/index.php?rest_route=\/wp\/v2\/media\/2343"}],"wp:attachment":[{"href":"https:\/\/tv.utalca.cl\/index.php?rest_route=%2Fwp%2Fv2%2Fmedia&parent=2342"}],"wp:term":[{"taxonomy":"category","embeddable":true,"href":"https:\/\/tv.utalca.cl\/index.php?rest_route=%2Fwp%2Fv2%2Fcategories&post=2342"},{"taxonomy":"post_tag","embeddable":true,"href":"https:\/\/tv.utalca.cl\/index.php?rest_route=%2Fwp%2Fv2%2Ftags&post=2342"}],"curies":[{"name":"wp","href":"https:\/\/api.w.org\/{rel}","templated":true}]}}