{"id":2469,"date":"2019-01-22T18:50:39","date_gmt":"2019-01-22T18:50:39","guid":{"rendered":"http:\/\/desarrollowp.utalca.cl\/?p=2469"},"modified":"2025-04-11T13:17:43","modified_gmt":"2025-04-11T17:17:43","slug":"innova-en-tu-region-vitivinicolas","status":"publish","type":"post","link":"https:\/\/tv.utalca.cl\/?p=2469","title":{"rendered":"Innova en tu regi\u00f3n &#8211; Vitivin\u00edcolas"},"content":{"rendered":"<p>En este cap\u00edtulo hablaremos de c\u00f3mo incorporar la sustentabilidad y la innovaci\u00f3n en el mercado vitivin\u00edcola. Conoceremos la experiencia de la Cooperativa Vitivin\u00edcola Loncomilla que produce vino desalcoholizado. En el set conversaremos con Ra\u00fal Navarrete, gerente general de la Sociedad Vitivin\u00edcola Sagrada Familia y con Gerad Casaubon, director del Centro de Innovaci\u00f3n de la Vi\u00f1a Concha y Toro.<\/p>\n","protected":false},"excerpt":{"rendered":"<p>En este cap\u00edtulo hablaremos de c\u00f3mo incorporar la sustentabilidad y la innovaci\u00f3n en el mercado vitivin\u00edcola. Conoceremos la experiencia de la Cooperativa Vitivin\u00edcola Loncomilla que produce vino desalcoholizado. En el set conversaremos con Ra\u00fal Navarrete, gerente general de la Sociedad Vitivin\u00edcola Sagrada Familia y con Gerad Casaubon, director del Centro de Innovaci\u00f3n de la Vi\u00f1a [&hellip;]<\/p>\n","protected":false},"author":1,"featured_media":2470,"comment_status":"closed","ping_status":"open","sticky":false,"template":"","format":"video","meta":{"om_disable_all_campaigns":false,"_monsterinsights_skip_tracking":false,"_monsterinsights_sitenote_active":false,"_monsterinsights_sitenote_note":"","_monsterinsights_sitenote_category":0,"footnotes":""},"categories":[479,112],"tags":[486,480,81,485,484],"class_list":["post-2469","post","type-post","status-publish","format-video","has-post-thumbnail","hentry","category-innova-en-tu-region","category-programa","tag-cooperativa-loncomilla","tag-innova-en-tu-region","tag-region-del-maule","tag-vinos","tag-vitivinicolas","post_format-post-format-video","slider-tags-innova-en-tu-region"],"aioseo_notices":[],"_links":{"self":[{"href":"https:\/\/tv.utalca.cl\/index.php?rest_route=\/wp\/v2\/posts\/2469","targetHints":{"allow":["GET"]}}],"collection":[{"href":"https:\/\/tv.utalca.cl\/index.php?rest_route=\/wp\/v2\/posts"}],"about":[{"href":"https:\/\/tv.utalca.cl\/index.php?rest_route=\/wp\/v2\/types\/post"}],"author":[{"embeddable":true,"href":"https:\/\/tv.utalca.cl\/index.php?rest_route=\/wp\/v2\/users\/1"}],"replies":[{"embeddable":true,"href":"https:\/\/tv.utalca.cl\/index.php?rest_route=%2Fwp%2Fv2%2Fcomments&post=2469"}],"version-history":[{"count":2,"href":"https:\/\/tv.utalca.cl\/index.php?rest_route=\/wp\/v2\/posts\/2469\/revisions"}],"predecessor-version":[{"id":2495,"href":"https:\/\/tv.utalca.cl\/index.php?rest_route=\/wp\/v2\/posts\/2469\/revisions\/2495"}],"wp:featuredmedia":[{"embeddable":true,"href":"https:\/\/tv.utalca.cl\/index.php?rest_route=\/wp\/v2\/media\/2470"}],"wp:attachment":[{"href":"https:\/\/tv.utalca.cl\/index.php?rest_route=%2Fwp%2Fv2%2Fmedia&parent=2469"}],"wp:term":[{"taxonomy":"category","embeddable":true,"href":"https:\/\/tv.utalca.cl\/index.php?rest_route=%2Fwp%2Fv2%2Fcategories&post=2469"},{"taxonomy":"post_tag","embeddable":true,"href":"https:\/\/tv.utalca.cl\/index.php?rest_route=%2Fwp%2Fv2%2Ftags&post=2469"}],"curies":[{"name":"wp","href":"https:\/\/api.w.org\/{rel}","templated":true}]}}