{"id":2783,"date":"2019-03-05T21:38:07","date_gmt":"2019-03-05T21:38:07","guid":{"rendered":"https:\/\/tv.utalca.cl\/?p=2783"},"modified":"2025-04-11T12:58:36","modified_gmt":"2025-04-11T16:58:36","slug":"incendios-forestales-han-aumentado-en-un-20-en-el-maule","status":"publish","type":"post","link":"https:\/\/tv.utalca.cl\/?p=2783","title":{"rendered":"Incendios forestales han aumentado en un 20% en el Maule"},"content":{"rendered":"<p>Uno de los \u00faltimos siniestros destruy\u00f3 m\u00e1s de 700 hect\u00e1reas en Pencahue, de acuerdo al agroclimat\u00f3logo de la UTALCA, las condiciones clim\u00e1ticas y otros factores han contribuido a propagar el fuego en la zona.<\/p>\n","protected":false},"excerpt":{"rendered":"<p>Uno de los \u00faltimos siniestros destruy\u00f3 m\u00e1s de 700 hect\u00e1reas en Pencahue, de acuerdo al agroclimat\u00f3logo de la UTALCA, las condiciones clim\u00e1ticas y otros factores han contribuido a propagar el fuego en la zona.<\/p>\n","protected":false},"author":1,"featured_media":2784,"comment_status":"closed","ping_status":"open","sticky":false,"template":"","format":"video","meta":{"om_disable_all_campaigns":false,"_monsterinsights_skip_tracking":false,"_monsterinsights_sitenote_active":false,"_monsterinsights_sitenote_note":"","_monsterinsights_sitenote_category":0,"footnotes":""},"categories":[93,92],"tags":[551,94,262,263,552],"class_list":["post-2783","post","type-post","status-publish","format-video","has-post-thumbnail","hentry","category-noticias","category-utalcatv-informa","tag-batuco","tag-campustv-informa","tag-incendios","tag-incendios-forestales","tag-pencahue","post_format-post-format-video","slider-tags-campustv-informa","slider-tags-slider","slider-tags-titular"],"aioseo_notices":[],"_links":{"self":[{"href":"https:\/\/tv.utalca.cl\/index.php?rest_route=\/wp\/v2\/posts\/2783","targetHints":{"allow":["GET"]}}],"collection":[{"href":"https:\/\/tv.utalca.cl\/index.php?rest_route=\/wp\/v2\/posts"}],"about":[{"href":"https:\/\/tv.utalca.cl\/index.php?rest_route=\/wp\/v2\/types\/post"}],"author":[{"embeddable":true,"href":"https:\/\/tv.utalca.cl\/index.php?rest_route=\/wp\/v2\/users\/1"}],"replies":[{"embeddable":true,"href":"https:\/\/tv.utalca.cl\/index.php?rest_route=%2Fwp%2Fv2%2Fcomments&post=2783"}],"version-history":[{"count":1,"href":"https:\/\/tv.utalca.cl\/index.php?rest_route=\/wp\/v2\/posts\/2783\/revisions"}],"predecessor-version":[{"id":2785,"href":"https:\/\/tv.utalca.cl\/index.php?rest_route=\/wp\/v2\/posts\/2783\/revisions\/2785"}],"wp:featuredmedia":[{"embeddable":true,"href":"https:\/\/tv.utalca.cl\/index.php?rest_route=\/wp\/v2\/media\/2784"}],"wp:attachment":[{"href":"https:\/\/tv.utalca.cl\/index.php?rest_route=%2Fwp%2Fv2%2Fmedia&parent=2783"}],"wp:term":[{"taxonomy":"category","embeddable":true,"href":"https:\/\/tv.utalca.cl\/index.php?rest_route=%2Fwp%2Fv2%2Fcategories&post=2783"},{"taxonomy":"post_tag","embeddable":true,"href":"https:\/\/tv.utalca.cl\/index.php?rest_route=%2Fwp%2Fv2%2Ftags&post=2783"}],"curies":[{"name":"wp","href":"https:\/\/api.w.org\/{rel}","templated":true}]}}