{"id":2788,"date":"2019-03-06T21:26:15","date_gmt":"2019-03-06T21:26:15","guid":{"rendered":"https:\/\/tv.utalca.cl\/?p=2788"},"modified":"2025-04-11T12:58:36","modified_gmt":"2025-04-11T16:58:36","slug":"alta-congestion-vehicular-durante-los-primeros-dias-de-marzo","status":"publish","type":"post","link":"https:\/\/tv.utalca.cl\/?p=2788","title":{"rendered":"Alta congesti\u00f3n vehicular durante los primeros d\u00edas de marzo"},"content":{"rendered":"<p>El regreso a clases y al trabajo aument\u00f3 considerablemente el flujo vehicular, incluso los trabajos que se desarrollan en la AV Lircay causaron gran atochamiento.<\/p>\n","protected":false},"excerpt":{"rendered":"<p>El regreso a clases y al trabajo aument\u00f3 considerablemente el flujo vehicular, incluso los trabajos que se desarrollan en la AV Lircay causaron gran atochamiento.<\/p>\n","protected":false},"author":1,"featured_media":2789,"comment_status":"closed","ping_status":"open","sticky":false,"template":"","format":"video","meta":{"om_disable_all_campaigns":false,"_monsterinsights_skip_tracking":false,"_monsterinsights_sitenote_active":false,"_monsterinsights_sitenote_note":"","_monsterinsights_sitenote_category":0,"footnotes":""},"categories":[93,92],"tags":[554,555,94,553],"class_list":["post-2788","post","type-post","status-publish","format-video","has-post-thumbnail","hentry","category-noticias","category-utalcatv-informa","tag-atochamiento","tag-avenida-lircay","tag-campustv-informa","tag-congestion-vehicular","post_format-post-format-video","slider-tags-campustv-informa","slider-tags-slider","slider-tags-titular"],"aioseo_notices":[],"_links":{"self":[{"href":"https:\/\/tv.utalca.cl\/index.php?rest_route=\/wp\/v2\/posts\/2788","targetHints":{"allow":["GET"]}}],"collection":[{"href":"https:\/\/tv.utalca.cl\/index.php?rest_route=\/wp\/v2\/posts"}],"about":[{"href":"https:\/\/tv.utalca.cl\/index.php?rest_route=\/wp\/v2\/types\/post"}],"author":[{"embeddable":true,"href":"https:\/\/tv.utalca.cl\/index.php?rest_route=\/wp\/v2\/users\/1"}],"replies":[{"embeddable":true,"href":"https:\/\/tv.utalca.cl\/index.php?rest_route=%2Fwp%2Fv2%2Fcomments&post=2788"}],"version-history":[{"count":1,"href":"https:\/\/tv.utalca.cl\/index.php?rest_route=\/wp\/v2\/posts\/2788\/revisions"}],"predecessor-version":[{"id":2790,"href":"https:\/\/tv.utalca.cl\/index.php?rest_route=\/wp\/v2\/posts\/2788\/revisions\/2790"}],"wp:featuredmedia":[{"embeddable":true,"href":"https:\/\/tv.utalca.cl\/index.php?rest_route=\/wp\/v2\/media\/2789"}],"wp:attachment":[{"href":"https:\/\/tv.utalca.cl\/index.php?rest_route=%2Fwp%2Fv2%2Fmedia&parent=2788"}],"wp:term":[{"taxonomy":"category","embeddable":true,"href":"https:\/\/tv.utalca.cl\/index.php?rest_route=%2Fwp%2Fv2%2Fcategories&post=2788"},{"taxonomy":"post_tag","embeddable":true,"href":"https:\/\/tv.utalca.cl\/index.php?rest_route=%2Fwp%2Fv2%2Ftags&post=2788"}],"curies":[{"name":"wp","href":"https:\/\/api.w.org\/{rel}","templated":true}]}}