{"id":2808,"date":"2019-03-11T12:07:48","date_gmt":"2019-03-11T12:07:48","guid":{"rendered":"https:\/\/tv.utalca.cl\/?p=2808"},"modified":"2025-04-11T12:58:35","modified_gmt":"2025-04-11T16:58:35","slug":"academicas-de-la-utalca-obtuvieron-reconocimiento-en-el-dia-de-la-mujer","status":"publish","type":"post","link":"https:\/\/tv.utalca.cl\/?p=2808","title":{"rendered":"Acad\u00e9micas UTALCA obtuvieron reconocimiento en el D\u00eda de la Mujer"},"content":{"rendered":"<p>Karin Saavedra, acad\u00e9mica de la Facultad de Ingenier\u00eda y Soledad Schott, directora del Centro de Psicolog\u00eda Aplicada, fueron homenajeadas durante una ceremonia que organiz\u00f3 el Gobierno Regional por su contribuci\u00f3n en materia de equidad de g\u00e9nero.<\/p>\n","protected":false},"excerpt":{"rendered":"<p>Karin Saavedra, acad\u00e9mica de la Facultad de Ingenier\u00eda y Soledad Schott, directora del Centro de Psicolog\u00eda Aplicada, fueron homenajeadas durante una ceremonia que organiz\u00f3 el Gobierno Regional por su contribuci\u00f3n en materia de equidad de g\u00e9nero.<\/p>\n","protected":false},"author":1,"featured_media":2812,"comment_status":"closed","ping_status":"open","sticky":false,"template":"","format":"video","meta":{"om_disable_all_campaigns":false,"_monsterinsights_skip_tracking":false,"_monsterinsights_sitenote_active":false,"_monsterinsights_sitenote_note":"","_monsterinsights_sitenote_category":0,"footnotes":""},"categories":[93,92],"tags":[562,561],"class_list":["post-2808","post","type-post","status-publish","format-video","has-post-thumbnail","hentry","category-noticias","category-utalcatv-informa","tag-ceremonia","tag-dia-de-la-mujer","post_format-post-format-video","slider-tags-campustv-informa","slider-tags-slider","slider-tags-titular"],"aioseo_notices":[],"_links":{"self":[{"href":"https:\/\/tv.utalca.cl\/index.php?rest_route=\/wp\/v2\/posts\/2808","targetHints":{"allow":["GET"]}}],"collection":[{"href":"https:\/\/tv.utalca.cl\/index.php?rest_route=\/wp\/v2\/posts"}],"about":[{"href":"https:\/\/tv.utalca.cl\/index.php?rest_route=\/wp\/v2\/types\/post"}],"author":[{"embeddable":true,"href":"https:\/\/tv.utalca.cl\/index.php?rest_route=\/wp\/v2\/users\/1"}],"replies":[{"embeddable":true,"href":"https:\/\/tv.utalca.cl\/index.php?rest_route=%2Fwp%2Fv2%2Fcomments&post=2808"}],"version-history":[{"count":2,"href":"https:\/\/tv.utalca.cl\/index.php?rest_route=\/wp\/v2\/posts\/2808\/revisions"}],"predecessor-version":[{"id":2813,"href":"https:\/\/tv.utalca.cl\/index.php?rest_route=\/wp\/v2\/posts\/2808\/revisions\/2813"}],"wp:featuredmedia":[{"embeddable":true,"href":"https:\/\/tv.utalca.cl\/index.php?rest_route=\/wp\/v2\/media\/2812"}],"wp:attachment":[{"href":"https:\/\/tv.utalca.cl\/index.php?rest_route=%2Fwp%2Fv2%2Fmedia&parent=2808"}],"wp:term":[{"taxonomy":"category","embeddable":true,"href":"https:\/\/tv.utalca.cl\/index.php?rest_route=%2Fwp%2Fv2%2Fcategories&post=2808"},{"taxonomy":"post_tag","embeddable":true,"href":"https:\/\/tv.utalca.cl\/index.php?rest_route=%2Fwp%2Fv2%2Ftags&post=2808"}],"curies":[{"name":"wp","href":"https:\/\/api.w.org\/{rel}","templated":true}]}}