{"id":2827,"date":"2019-03-14T20:16:51","date_gmt":"2019-03-14T20:16:51","guid":{"rendered":"https:\/\/tv.utalca.cl\/?p=2827"},"modified":"2025-04-11T12:58:35","modified_gmt":"2025-04-11T16:58:35","slug":"textiles-del-mundo-en-galeria-nuga-de-utalca-es-visitada-por-publico-de-todo-chile","status":"publish","type":"post","link":"https:\/\/tv.utalca.cl\/?p=2827","title":{"rendered":"Textiles del Mundo en galer\u00eda NUGA de UTALCA es visitada por p\u00fablico de todo Chile"},"content":{"rendered":"<p>La muestra &#8220;Tejiendo la integraci\u00f3n&#8221;, que contiene piezas de los cinco continentes, estar\u00e1 de manera permanente y gratuita en pleno coraz\u00f3n de la capital regional.<\/p>\n","protected":false},"excerpt":{"rendered":"<p>La muestra &#8220;Tejiendo la integraci\u00f3n&#8221;, que contiene piezas de los cinco continentes, estar\u00e1 de manera permanente y gratuita en pleno coraz\u00f3n de la capital regional.<\/p>\n","protected":false},"author":1,"featured_media":2828,"comment_status":"closed","ping_status":"open","sticky":false,"template":"","format":"video","meta":{"om_disable_all_campaigns":false,"_monsterinsights_skip_tracking":false,"_monsterinsights_sitenote_active":false,"_monsterinsights_sitenote_note":"","_monsterinsights_sitenote_category":0,"footnotes":""},"categories":[93,92],"tags":[380,568,567,132],"class_list":["post-2827","post","type-post","status-publish","format-video","has-post-thumbnail","hentry","category-noticias","category-utalcatv-informa","tag-direccion-de-extension-artistica-cultural","tag-extension-utalca","tag-galeria-nuga","tag-nuga","post_format-post-format-video","slider-tags-campustv-informa","slider-tags-slider","slider-tags-titular"],"aioseo_notices":[],"_links":{"self":[{"href":"https:\/\/tv.utalca.cl\/index.php?rest_route=\/wp\/v2\/posts\/2827","targetHints":{"allow":["GET"]}}],"collection":[{"href":"https:\/\/tv.utalca.cl\/index.php?rest_route=\/wp\/v2\/posts"}],"about":[{"href":"https:\/\/tv.utalca.cl\/index.php?rest_route=\/wp\/v2\/types\/post"}],"author":[{"embeddable":true,"href":"https:\/\/tv.utalca.cl\/index.php?rest_route=\/wp\/v2\/users\/1"}],"replies":[{"embeddable":true,"href":"https:\/\/tv.utalca.cl\/index.php?rest_route=%2Fwp%2Fv2%2Fcomments&post=2827"}],"version-history":[{"count":1,"href":"https:\/\/tv.utalca.cl\/index.php?rest_route=\/wp\/v2\/posts\/2827\/revisions"}],"predecessor-version":[{"id":2829,"href":"https:\/\/tv.utalca.cl\/index.php?rest_route=\/wp\/v2\/posts\/2827\/revisions\/2829"}],"wp:featuredmedia":[{"embeddable":true,"href":"https:\/\/tv.utalca.cl\/index.php?rest_route=\/wp\/v2\/media\/2828"}],"wp:attachment":[{"href":"https:\/\/tv.utalca.cl\/index.php?rest_route=%2Fwp%2Fv2%2Fmedia&parent=2827"}],"wp:term":[{"taxonomy":"category","embeddable":true,"href":"https:\/\/tv.utalca.cl\/index.php?rest_route=%2Fwp%2Fv2%2Fcategories&post=2827"},{"taxonomy":"post_tag","embeddable":true,"href":"https:\/\/tv.utalca.cl\/index.php?rest_route=%2Fwp%2Fv2%2Ftags&post=2827"}],"curies":[{"name":"wp","href":"https:\/\/api.w.org\/{rel}","templated":true}]}}