{"id":2836,"date":"2019-03-15T20:24:48","date_gmt":"2019-03-15T20:24:48","guid":{"rendered":"https:\/\/tv.utalca.cl\/?p=2836"},"modified":"2025-04-11T12:58:35","modified_gmt":"2025-04-11T16:58:35","slug":"estudio-utalca-analizo-percepcion-de-chilenos-sobre-inmigrantes","status":"publish","type":"post","link":"https:\/\/tv.utalca.cl\/?p=2836","title":{"rendered":"Estudio UTALCA analiz\u00f3 percepci\u00f3n de chilenos sobre inmigrantes"},"content":{"rendered":"<p>Uno de los resultados que revel\u00f3 la investigaci\u00f3n del Centro Nacional de Estudios Migratorios es que el 64% de los encuestados se\u00f1al\u00f3 que lo que m\u00e1s influye en el trato de los chilenos hacia los inmigrantes tiene que ver con la nacionalidad y el 59% con su color de piel.<\/p>\n","protected":false},"excerpt":{"rendered":"<p>Uno de los resultados que revel\u00f3 la investigaci\u00f3n del Centro Nacional de Estudios Migratorios es que el 64% de los encuestados se\u00f1al\u00f3 que lo que m\u00e1s influye en el trato de los chilenos hacia los inmigrantes tiene que ver con la nacionalidad y el 59% con su color de piel.<\/p>\n","protected":false},"author":1,"featured_media":2837,"comment_status":"closed","ping_status":"open","sticky":false,"template":"","format":"video","meta":{"om_disable_all_campaigns":false,"_monsterinsights_skip_tracking":false,"_monsterinsights_sitenote_active":false,"_monsterinsights_sitenote_note":"","_monsterinsights_sitenote_category":0,"footnotes":""},"categories":[93,92],"tags":[94,220,70],"class_list":["post-2836","post","type-post","status-publish","format-video","has-post-thumbnail","hentry","category-noticias","category-utalcatv-informa","tag-campustv-informa","tag-inmigrantes","tag-utalca","post_format-post-format-video","slider-tags-campustv-informa","slider-tags-slider","slider-tags-titular"],"aioseo_notices":[],"_links":{"self":[{"href":"https:\/\/tv.utalca.cl\/index.php?rest_route=\/wp\/v2\/posts\/2836","targetHints":{"allow":["GET"]}}],"collection":[{"href":"https:\/\/tv.utalca.cl\/index.php?rest_route=\/wp\/v2\/posts"}],"about":[{"href":"https:\/\/tv.utalca.cl\/index.php?rest_route=\/wp\/v2\/types\/post"}],"author":[{"embeddable":true,"href":"https:\/\/tv.utalca.cl\/index.php?rest_route=\/wp\/v2\/users\/1"}],"replies":[{"embeddable":true,"href":"https:\/\/tv.utalca.cl\/index.php?rest_route=%2Fwp%2Fv2%2Fcomments&post=2836"}],"version-history":[{"count":2,"href":"https:\/\/tv.utalca.cl\/index.php?rest_route=\/wp\/v2\/posts\/2836\/revisions"}],"predecessor-version":[{"id":2839,"href":"https:\/\/tv.utalca.cl\/index.php?rest_route=\/wp\/v2\/posts\/2836\/revisions\/2839"}],"wp:featuredmedia":[{"embeddable":true,"href":"https:\/\/tv.utalca.cl\/index.php?rest_route=\/wp\/v2\/media\/2837"}],"wp:attachment":[{"href":"https:\/\/tv.utalca.cl\/index.php?rest_route=%2Fwp%2Fv2%2Fmedia&parent=2836"}],"wp:term":[{"taxonomy":"category","embeddable":true,"href":"https:\/\/tv.utalca.cl\/index.php?rest_route=%2Fwp%2Fv2%2Fcategories&post=2836"},{"taxonomy":"post_tag","embeddable":true,"href":"https:\/\/tv.utalca.cl\/index.php?rest_route=%2Fwp%2Fv2%2Ftags&post=2836"}],"curies":[{"name":"wp","href":"https:\/\/api.w.org\/{rel}","templated":true}]}}