{"id":2857,"date":"2019-03-21T15:40:37","date_gmt":"2019-03-21T15:40:37","guid":{"rendered":"https:\/\/tv.utalca.cl\/?p=2857"},"modified":"2025-04-11T12:58:34","modified_gmt":"2025-04-11T16:58:34","slug":"utalca-reconoce-trayectoria-artistica-y-humana-de-alfredo-jaar","status":"publish","type":"post","link":"https:\/\/tv.utalca.cl\/?p=2857","title":{"rendered":"UTALCA reconoce trayectoria art\u00edstica de Alfredo Jaar"},"content":{"rendered":"<p>El arquitectoes Visuales 2013 recibi\u00f3 el gra, cineasta y premio Nacional de Artdo de Doctor Honoris Causa durante la inauguraci\u00f3n del a\u00f1o acad\u00e9mico.<\/p>\n","protected":false},"excerpt":{"rendered":"<p>El arquitectoes Visuales 2013 recibi\u00f3 el gra, cineasta y premio Nacional de Artdo de Doctor Honoris Causa durante la inauguraci\u00f3n del a\u00f1o acad\u00e9mico.<\/p>\n","protected":false},"author":1,"featured_media":2858,"comment_status":"closed","ping_status":"open","sticky":false,"template":"","format":"video","meta":{"om_disable_all_campaigns":false,"_monsterinsights_skip_tracking":false,"_monsterinsights_sitenote_active":false,"_monsterinsights_sitenote_note":"","_monsterinsights_sitenote_category":0,"footnotes":""},"categories":[93,92],"tags":[],"class_list":["post-2857","post","type-post","status-publish","format-video","has-post-thumbnail","hentry","category-noticias","category-utalcatv-informa","post_format-post-format-video","slider-tags-campustv-informa","slider-tags-slider","slider-tags-titular"],"aioseo_notices":[],"_links":{"self":[{"href":"https:\/\/tv.utalca.cl\/index.php?rest_route=\/wp\/v2\/posts\/2857","targetHints":{"allow":["GET"]}}],"collection":[{"href":"https:\/\/tv.utalca.cl\/index.php?rest_route=\/wp\/v2\/posts"}],"about":[{"href":"https:\/\/tv.utalca.cl\/index.php?rest_route=\/wp\/v2\/types\/post"}],"author":[{"embeddable":true,"href":"https:\/\/tv.utalca.cl\/index.php?rest_route=\/wp\/v2\/users\/1"}],"replies":[{"embeddable":true,"href":"https:\/\/tv.utalca.cl\/index.php?rest_route=%2Fwp%2Fv2%2Fcomments&post=2857"}],"version-history":[{"count":3,"href":"https:\/\/tv.utalca.cl\/index.php?rest_route=\/wp\/v2\/posts\/2857\/revisions"}],"predecessor-version":[{"id":3204,"href":"https:\/\/tv.utalca.cl\/index.php?rest_route=\/wp\/v2\/posts\/2857\/revisions\/3204"}],"wp:featuredmedia":[{"embeddable":true,"href":"https:\/\/tv.utalca.cl\/index.php?rest_route=\/wp\/v2\/media\/2858"}],"wp:attachment":[{"href":"https:\/\/tv.utalca.cl\/index.php?rest_route=%2Fwp%2Fv2%2Fmedia&parent=2857"}],"wp:term":[{"taxonomy":"category","embeddable":true,"href":"https:\/\/tv.utalca.cl\/index.php?rest_route=%2Fwp%2Fv2%2Fcategories&post=2857"},{"taxonomy":"post_tag","embeddable":true,"href":"https:\/\/tv.utalca.cl\/index.php?rest_route=%2Fwp%2Fv2%2Ftags&post=2857"}],"curies":[{"name":"wp","href":"https:\/\/api.w.org\/{rel}","templated":true}]}}