{"id":2955,"date":"2019-04-03T18:24:31","date_gmt":"2019-04-03T18:24:31","guid":{"rendered":"https:\/\/tv.utalca.cl\/?p=2955"},"modified":"2025-04-11T12:58:34","modified_gmt":"2025-04-11T16:58:34","slug":"realizan-jornada-para-concientizar-sobre-el-autismo","status":"publish","type":"post","link":"https:\/\/tv.utalca.cl\/?p=2955","title":{"rendered":"Realizan jornada para concientizar sobre el autismo"},"content":{"rendered":"<p>Estudiantes y acad\u00e9micos de la Escuela de Fonoaudiolog\u00eda de la UTALCA, realizaron una jornada para informar sobre esta condici\u00f3n. En la instancia adem\u00e1s dieron a conocer una serie de entrevistas que realizaron a padres con hijos con este s\u00edndrome.<\/p>\n","protected":false},"excerpt":{"rendered":"<p>Estudiantes y acad\u00e9micos de la Escuela de Fonoaudiolog\u00eda de la UTALCA, realizaron una jornada para informar sobre esta condici\u00f3n. En la instancia adem\u00e1s dieron a conocer una serie de entrevistas que realizaron a padres con hijos con este s\u00edndrome.<\/p>\n","protected":false},"author":1,"featured_media":2956,"comment_status":"closed","ping_status":"open","sticky":false,"template":"","format":"video","meta":{"om_disable_all_campaigns":false,"_monsterinsights_skip_tracking":false,"_monsterinsights_sitenote_active":false,"_monsterinsights_sitenote_note":"","_monsterinsights_sitenote_category":0,"footnotes":""},"categories":[93,92],"tags":[591,590,592,119,593],"class_list":["post-2955","post","type-post","status-publish","format-video","has-post-thumbnail","hentry","category-noticias","category-utalcatv-informa","tag-asperger","tag-autismo","tag-dia-mundial-de-concientizacion-del-autismo","tag-fonoaudiologia","tag-fonoaudiologia-utalca","post_format-post-format-video","slider-tags-campustv-informa","slider-tags-slider","slider-tags-titular"],"aioseo_notices":[],"_links":{"self":[{"href":"https:\/\/tv.utalca.cl\/index.php?rest_route=\/wp\/v2\/posts\/2955","targetHints":{"allow":["GET"]}}],"collection":[{"href":"https:\/\/tv.utalca.cl\/index.php?rest_route=\/wp\/v2\/posts"}],"about":[{"href":"https:\/\/tv.utalca.cl\/index.php?rest_route=\/wp\/v2\/types\/post"}],"author":[{"embeddable":true,"href":"https:\/\/tv.utalca.cl\/index.php?rest_route=\/wp\/v2\/users\/1"}],"replies":[{"embeddable":true,"href":"https:\/\/tv.utalca.cl\/index.php?rest_route=%2Fwp%2Fv2%2Fcomments&post=2955"}],"version-history":[{"count":1,"href":"https:\/\/tv.utalca.cl\/index.php?rest_route=\/wp\/v2\/posts\/2955\/revisions"}],"predecessor-version":[{"id":2957,"href":"https:\/\/tv.utalca.cl\/index.php?rest_route=\/wp\/v2\/posts\/2955\/revisions\/2957"}],"wp:featuredmedia":[{"embeddable":true,"href":"https:\/\/tv.utalca.cl\/index.php?rest_route=\/wp\/v2\/media\/2956"}],"wp:attachment":[{"href":"https:\/\/tv.utalca.cl\/index.php?rest_route=%2Fwp%2Fv2%2Fmedia&parent=2955"}],"wp:term":[{"taxonomy":"category","embeddable":true,"href":"https:\/\/tv.utalca.cl\/index.php?rest_route=%2Fwp%2Fv2%2Fcategories&post=2955"},{"taxonomy":"post_tag","embeddable":true,"href":"https:\/\/tv.utalca.cl\/index.php?rest_route=%2Fwp%2Fv2%2Ftags&post=2955"}],"curies":[{"name":"wp","href":"https:\/\/api.w.org\/{rel}","templated":true}]}}