{"id":2965,"date":"2019-04-05T15:19:19","date_gmt":"2019-04-05T15:19:19","guid":{"rendered":"https:\/\/tv.utalca.cl\/?p=2965"},"modified":"2025-04-11T12:58:34","modified_gmt":"2025-04-11T16:58:34","slug":"apec-desde-la-mirada-de-productores-y-empresarios-maulinos","status":"publish","type":"post","link":"https:\/\/tv.utalca.cl\/?p=2965","title":{"rendered":"Apec: la mirada de productores y empresarios maulinos"},"content":{"rendered":"<p>La incorporaci\u00f3n de Chile al Foro de Cooperaci\u00f3n Econ\u00f3mica Asia- Pac\u00edfico (APEC) ha generado un impacto en empresas de la zona y para visibilizar ese efecto, la UTALCA realiz\u00f3 una videoconferencia con la academia diplom\u00e1tica.<\/p>\n","protected":false},"excerpt":{"rendered":"<p>La incorporaci\u00f3n de Chile al Foro de Cooperaci\u00f3n Econ\u00f3mica Asia- Pac\u00edfico (APEC) ha generado un impacto en empresas de la zona y para visibilizar ese efecto, la UTALCA realiz\u00f3 una videoconferencia con la academia diplom\u00e1tica.<\/p>\n","protected":false},"author":1,"featured_media":2966,"comment_status":"closed","ping_status":"open","sticky":false,"template":"","format":"video","meta":{"om_disable_all_campaigns":false,"_monsterinsights_skip_tracking":false,"_monsterinsights_sitenote_active":false,"_monsterinsights_sitenote_note":"","_monsterinsights_sitenote_category":0,"footnotes":""},"categories":[93,92],"tags":[599,600,601,81,598],"class_list":["post-2965","post","type-post","status-publish","format-video","has-post-thumbnail","hentry","category-noticias","category-utalcatv-informa","tag-apec","tag-apec-2019","tag-empresarios-maulinos","tag-region-del-maule","tag-videoconferencia","post_format-post-format-video","slider-tags-campustv-informa","slider-tags-slider","slider-tags-titular"],"aioseo_notices":[],"_links":{"self":[{"href":"https:\/\/tv.utalca.cl\/index.php?rest_route=\/wp\/v2\/posts\/2965","targetHints":{"allow":["GET"]}}],"collection":[{"href":"https:\/\/tv.utalca.cl\/index.php?rest_route=\/wp\/v2\/posts"}],"about":[{"href":"https:\/\/tv.utalca.cl\/index.php?rest_route=\/wp\/v2\/types\/post"}],"author":[{"embeddable":true,"href":"https:\/\/tv.utalca.cl\/index.php?rest_route=\/wp\/v2\/users\/1"}],"replies":[{"embeddable":true,"href":"https:\/\/tv.utalca.cl\/index.php?rest_route=%2Fwp%2Fv2%2Fcomments&post=2965"}],"version-history":[{"count":2,"href":"https:\/\/tv.utalca.cl\/index.php?rest_route=\/wp\/v2\/posts\/2965\/revisions"}],"predecessor-version":[{"id":2968,"href":"https:\/\/tv.utalca.cl\/index.php?rest_route=\/wp\/v2\/posts\/2965\/revisions\/2968"}],"wp:featuredmedia":[{"embeddable":true,"href":"https:\/\/tv.utalca.cl\/index.php?rest_route=\/wp\/v2\/media\/2966"}],"wp:attachment":[{"href":"https:\/\/tv.utalca.cl\/index.php?rest_route=%2Fwp%2Fv2%2Fmedia&parent=2965"}],"wp:term":[{"taxonomy":"category","embeddable":true,"href":"https:\/\/tv.utalca.cl\/index.php?rest_route=%2Fwp%2Fv2%2Fcategories&post=2965"},{"taxonomy":"post_tag","embeddable":true,"href":"https:\/\/tv.utalca.cl\/index.php?rest_route=%2Fwp%2Fv2%2Ftags&post=2965"}],"curies":[{"name":"wp","href":"https:\/\/api.w.org\/{rel}","templated":true}]}}