{"id":3191,"date":"2019-05-07T15:10:07","date_gmt":"2019-05-07T15:10:07","guid":{"rendered":"https:\/\/tv.utalca.cl\/?p=3191"},"modified":"2025-04-11T12:59:11","modified_gmt":"2025-04-11T16:59:11","slug":"analizan-los-desafios-del-ministerio-de-ciencia-y-tecnologia","status":"publish","type":"post","link":"https:\/\/tv.utalca.cl\/?p=3191","title":{"rendered":"Analizan los desaf\u00edos del Ministerio de Ciencia y Tecnolog\u00eda"},"content":{"rendered":"<p>Durante su visita al Maule, el ministro del ramo, se reuni\u00f3 con la comunidad cient\u00edfica en la UTALCA para abordar los principales lineamientos de trabajo y escuchar los planteamientos de acad\u00e9micos e investigadores.<\/p>\n","protected":false},"excerpt":{"rendered":"<p>Durante su visita al Maule, el ministro del ramo, se reuni\u00f3 con la comunidad cient\u00edfica en la UTALCA para abordar los principales lineamientos de trabajo y escuchar los planteamientos de acad\u00e9micos e investigadores.<\/p>\n","protected":false},"author":1,"featured_media":3194,"comment_status":"closed","ping_status":"open","sticky":false,"template":"","format":"video","meta":{"om_disable_all_campaigns":false,"_monsterinsights_skip_tracking":false,"_monsterinsights_sitenote_active":false,"_monsterinsights_sitenote_note":"","_monsterinsights_sitenote_category":0,"footnotes":""},"categories":[93,92],"tags":[94,697,698,699,70],"class_list":["post-3191","post","type-post","status-publish","format-video","has-post-thumbnail","hentry","category-noticias","category-utalcatv-informa","tag-campustv-informa","tag-ministerio-de-ciencia-y-tecnologia","tag-ministro-de-ciencia","tag-ministro-de-ciencia-y-tecnologia","tag-utalca","post_format-post-format-video","slider-tags-campustv-informa","slider-tags-slider","slider-tags-titular"],"aioseo_notices":[],"_links":{"self":[{"href":"https:\/\/tv.utalca.cl\/index.php?rest_route=\/wp\/v2\/posts\/3191","targetHints":{"allow":["GET"]}}],"collection":[{"href":"https:\/\/tv.utalca.cl\/index.php?rest_route=\/wp\/v2\/posts"}],"about":[{"href":"https:\/\/tv.utalca.cl\/index.php?rest_route=\/wp\/v2\/types\/post"}],"author":[{"embeddable":true,"href":"https:\/\/tv.utalca.cl\/index.php?rest_route=\/wp\/v2\/users\/1"}],"replies":[{"embeddable":true,"href":"https:\/\/tv.utalca.cl\/index.php?rest_route=%2Fwp%2Fv2%2Fcomments&post=3191"}],"version-history":[{"count":1,"href":"https:\/\/tv.utalca.cl\/index.php?rest_route=\/wp\/v2\/posts\/3191\/revisions"}],"predecessor-version":[{"id":3193,"href":"https:\/\/tv.utalca.cl\/index.php?rest_route=\/wp\/v2\/posts\/3191\/revisions\/3193"}],"wp:featuredmedia":[{"embeddable":true,"href":"https:\/\/tv.utalca.cl\/index.php?rest_route=\/wp\/v2\/media\/3194"}],"wp:attachment":[{"href":"https:\/\/tv.utalca.cl\/index.php?rest_route=%2Fwp%2Fv2%2Fmedia&parent=3191"}],"wp:term":[{"taxonomy":"category","embeddable":true,"href":"https:\/\/tv.utalca.cl\/index.php?rest_route=%2Fwp%2Fv2%2Fcategories&post=3191"},{"taxonomy":"post_tag","embeddable":true,"href":"https:\/\/tv.utalca.cl\/index.php?rest_route=%2Fwp%2Fv2%2Ftags&post=3191"}],"curies":[{"name":"wp","href":"https:\/\/api.w.org\/{rel}","templated":true}]}}