{"id":3342,"date":"2019-05-24T16:17:41","date_gmt":"2019-05-24T16:17:41","guid":{"rendered":"https:\/\/tv.utalca.cl\/?p=3342"},"modified":"2025-04-11T12:59:10","modified_gmt":"2025-04-11T16:59:10","slug":"destacadas-pianistas-nacionales-se-presentaran-en-talca-y-linares","status":"publish","type":"post","link":"https:\/\/tv.utalca.cl\/?p=3342","title":{"rendered":"Destacadas pianistas nacionales se presentar\u00e1n en Talca y Linares"},"content":{"rendered":"<p>La iniciativa es parte del primer ciclo de mujeres en la m\u00fasica, que busca visibilizar el trabajo que han desarrollado diversas artistas en nuestro pa\u00eds. El evento lo est\u00e1 organizando el Centro de Extensi\u00f3n Cultural y Art\u00edstica y la Escuela de M\u00fasica de la Universidad de Talca.<\/p>\n","protected":false},"excerpt":{"rendered":"<p>La iniciativa es parte del primer ciclo de mujeres en la m\u00fasica, que busca visibilizar el trabajo que han desarrollado diversas artistas en nuestro pa\u00eds. El evento lo est\u00e1 organizando el Centro de Extensi\u00f3n Cultural y Art\u00edstica y la Escuela de M\u00fasica de la Universidad de Talca.<\/p>\n","protected":false},"author":1,"featured_media":3343,"comment_status":"closed","ping_status":"open","sticky":false,"template":"","format":"video","meta":{"om_disable_all_campaigns":false,"_monsterinsights_skip_tracking":false,"_monsterinsights_sitenote_active":false,"_monsterinsights_sitenote_note":"","_monsterinsights_sitenote_category":0,"footnotes":""},"categories":[93,92],"tags":[450,380,748,746,747,745,70],"class_list":["post-3342","post","type-post","status-publish","format-video","has-post-thumbnail","hentry","category-noticias","category-utalcatv-informa","tag-centro-de-extension-utalca","tag-direccion-de-extension-artistica-cultural","tag-mujeres","tag-pianistas","tag-pianistas-mujeres","tag-piano","tag-utalca","post_format-post-format-video","slider-tags-campustv-informa","slider-tags-slider","slider-tags-titular"],"aioseo_notices":[],"_links":{"self":[{"href":"https:\/\/tv.utalca.cl\/index.php?rest_route=\/wp\/v2\/posts\/3342","targetHints":{"allow":["GET"]}}],"collection":[{"href":"https:\/\/tv.utalca.cl\/index.php?rest_route=\/wp\/v2\/posts"}],"about":[{"href":"https:\/\/tv.utalca.cl\/index.php?rest_route=\/wp\/v2\/types\/post"}],"author":[{"embeddable":true,"href":"https:\/\/tv.utalca.cl\/index.php?rest_route=\/wp\/v2\/users\/1"}],"replies":[{"embeddable":true,"href":"https:\/\/tv.utalca.cl\/index.php?rest_route=%2Fwp%2Fv2%2Fcomments&post=3342"}],"version-history":[{"count":1,"href":"https:\/\/tv.utalca.cl\/index.php?rest_route=\/wp\/v2\/posts\/3342\/revisions"}],"predecessor-version":[{"id":3344,"href":"https:\/\/tv.utalca.cl\/index.php?rest_route=\/wp\/v2\/posts\/3342\/revisions\/3344"}],"wp:featuredmedia":[{"embeddable":true,"href":"https:\/\/tv.utalca.cl\/index.php?rest_route=\/wp\/v2\/media\/3343"}],"wp:attachment":[{"href":"https:\/\/tv.utalca.cl\/index.php?rest_route=%2Fwp%2Fv2%2Fmedia&parent=3342"}],"wp:term":[{"taxonomy":"category","embeddable":true,"href":"https:\/\/tv.utalca.cl\/index.php?rest_route=%2Fwp%2Fv2%2Fcategories&post=3342"},{"taxonomy":"post_tag","embeddable":true,"href":"https:\/\/tv.utalca.cl\/index.php?rest_route=%2Fwp%2Fv2%2Ftags&post=3342"}],"curies":[{"name":"wp","href":"https:\/\/api.w.org\/{rel}","templated":true}]}}