{"id":3365,"date":"2019-05-28T14:19:26","date_gmt":"2019-05-28T14:19:26","guid":{"rendered":"https:\/\/tv.utalca.cl\/?p=3365"},"modified":"2025-04-11T12:59:10","modified_gmt":"2025-04-11T16:59:10","slug":"hoy-por-hoy-entrevista-a-cristian-monckeberg-ministro-de-vivienda-y-urbanismo","status":"publish","type":"post","link":"https:\/\/tv.utalca.cl\/?p=3365","title":{"rendered":"Hoy Por Hoy &#8211; Entrevista a Cristi\u00e1n Monckeberg, ministro de Vivienda y Urbanismo"},"content":{"rendered":"<p>Primer cap\u00edtulo de la nueva temporada del programa de actualidad Hoy por Hoy. Los periodistas Francisca Iob y Renato Sep\u00falveda hablan con el ministro de Vivienda y Urbanismo en su visita a la capital regional del Maule.<\/p>\n","protected":false},"excerpt":{"rendered":"<p>Primer cap\u00edtulo de la nueva temporada del programa de actualidad Hoy por Hoy. Los periodistas Francisca Iob y Renato Sep\u00falveda hablan con el ministro de Vivienda y Urbanismo en su visita a la capital regional del Maule.<\/p>\n","protected":false},"author":1,"featured_media":3366,"comment_status":"closed","ping_status":"open","sticky":false,"template":"","format":"video","meta":{"om_disable_all_campaigns":false,"_monsterinsights_skip_tracking":false,"_monsterinsights_sitenote_active":false,"_monsterinsights_sitenote_note":"","_monsterinsights_sitenote_category":0,"footnotes":""},"categories":[76,112],"tags":[757,55,755,763],"class_list":["post-3365","post","type-post","status-publish","format-video","has-post-thumbnail","hentry","category-hoy-por-hoy","category-programa","tag-cristian-monckeberg","tag-hoy-por-hoy","tag-minvu","tag-radio-utalca","post_format-post-format-video","slider-tags-hoy-por-hoy"],"aioseo_notices":[],"_links":{"self":[{"href":"https:\/\/tv.utalca.cl\/index.php?rest_route=\/wp\/v2\/posts\/3365","targetHints":{"allow":["GET"]}}],"collection":[{"href":"https:\/\/tv.utalca.cl\/index.php?rest_route=\/wp\/v2\/posts"}],"about":[{"href":"https:\/\/tv.utalca.cl\/index.php?rest_route=\/wp\/v2\/types\/post"}],"author":[{"embeddable":true,"href":"https:\/\/tv.utalca.cl\/index.php?rest_route=\/wp\/v2\/users\/1"}],"replies":[{"embeddable":true,"href":"https:\/\/tv.utalca.cl\/index.php?rest_route=%2Fwp%2Fv2%2Fcomments&post=3365"}],"version-history":[{"count":1,"href":"https:\/\/tv.utalca.cl\/index.php?rest_route=\/wp\/v2\/posts\/3365\/revisions"}],"predecessor-version":[{"id":3367,"href":"https:\/\/tv.utalca.cl\/index.php?rest_route=\/wp\/v2\/posts\/3365\/revisions\/3367"}],"wp:featuredmedia":[{"embeddable":true,"href":"https:\/\/tv.utalca.cl\/index.php?rest_route=\/wp\/v2\/media\/3366"}],"wp:attachment":[{"href":"https:\/\/tv.utalca.cl\/index.php?rest_route=%2Fwp%2Fv2%2Fmedia&parent=3365"}],"wp:term":[{"taxonomy":"category","embeddable":true,"href":"https:\/\/tv.utalca.cl\/index.php?rest_route=%2Fwp%2Fv2%2Fcategories&post=3365"},{"taxonomy":"post_tag","embeddable":true,"href":"https:\/\/tv.utalca.cl\/index.php?rest_route=%2Fwp%2Fv2%2Ftags&post=3365"}],"curies":[{"name":"wp","href":"https:\/\/api.w.org\/{rel}","templated":true}]}}