{"id":3389,"date":"2019-05-29T13:26:40","date_gmt":"2019-05-29T13:26:40","guid":{"rendered":"https:\/\/tv.utalca.cl\/?p=3389"},"modified":"2025-04-11T12:59:09","modified_gmt":"2025-04-11T16:59:09","slug":"estudiantes-visitaron-los-medios-de-comunicacion-de-la-utalca","status":"publish","type":"post","link":"https:\/\/tv.utalca.cl\/?p=3389","title":{"rendered":"Estudiantes visitaron los medios de comunicaci\u00f3n de la UTALCA"},"content":{"rendered":"<p>Los alumnos que participan del taller audiovisual del Liceo Agroindustrial R\u00edo Claro conocieron las dependencias de la radio UTALCA, el canal de televisi\u00f3n CAMPUSTV y la revista Ciudad Comunicada.<\/p>\n","protected":false},"excerpt":{"rendered":"<p>Los alumnos que participan del taller audiovisual del Liceo Agroindustrial R\u00edo Claro conocieron las dependencias de la radio UTALCA, el canal de televisi\u00f3n CAMPUSTV y la revista Ciudad Comunicada.<\/p>\n","protected":false},"author":1,"featured_media":3390,"comment_status":"closed","ping_status":"open","sticky":false,"template":"","format":"video","meta":{"om_disable_all_campaigns":false,"_monsterinsights_skip_tracking":false,"_monsterinsights_sitenote_active":false,"_monsterinsights_sitenote_note":"","_monsterinsights_sitenote_category":0,"footnotes":""},"categories":[93,92],"tags":[770,620,94,772,763,334,771],"class_list":["post-3389","post","type-post","status-publish","format-video","has-post-thumbnail","hentry","category-noticias","category-utalcatv-informa","tag-audiovisual","tag-campustv","tag-campustv-informa","tag-ciudad-comunicada","tag-radio-utalca","tag-rio-claro","tag-taller-audiovisual","post_format-post-format-video","slider-tags-campustv-informa","slider-tags-slider","slider-tags-titular"],"aioseo_notices":[],"_links":{"self":[{"href":"https:\/\/tv.utalca.cl\/index.php?rest_route=\/wp\/v2\/posts\/3389","targetHints":{"allow":["GET"]}}],"collection":[{"href":"https:\/\/tv.utalca.cl\/index.php?rest_route=\/wp\/v2\/posts"}],"about":[{"href":"https:\/\/tv.utalca.cl\/index.php?rest_route=\/wp\/v2\/types\/post"}],"author":[{"embeddable":true,"href":"https:\/\/tv.utalca.cl\/index.php?rest_route=\/wp\/v2\/users\/1"}],"replies":[{"embeddable":true,"href":"https:\/\/tv.utalca.cl\/index.php?rest_route=%2Fwp%2Fv2%2Fcomments&post=3389"}],"version-history":[{"count":1,"href":"https:\/\/tv.utalca.cl\/index.php?rest_route=\/wp\/v2\/posts\/3389\/revisions"}],"predecessor-version":[{"id":3391,"href":"https:\/\/tv.utalca.cl\/index.php?rest_route=\/wp\/v2\/posts\/3389\/revisions\/3391"}],"wp:featuredmedia":[{"embeddable":true,"href":"https:\/\/tv.utalca.cl\/index.php?rest_route=\/wp\/v2\/media\/3390"}],"wp:attachment":[{"href":"https:\/\/tv.utalca.cl\/index.php?rest_route=%2Fwp%2Fv2%2Fmedia&parent=3389"}],"wp:term":[{"taxonomy":"category","embeddable":true,"href":"https:\/\/tv.utalca.cl\/index.php?rest_route=%2Fwp%2Fv2%2Fcategories&post=3389"},{"taxonomy":"post_tag","embeddable":true,"href":"https:\/\/tv.utalca.cl\/index.php?rest_route=%2Fwp%2Fv2%2Ftags&post=3389"}],"curies":[{"name":"wp","href":"https:\/\/api.w.org\/{rel}","templated":true}]}}