{"id":3539,"date":"2019-06-24T14:25:34","date_gmt":"2019-06-24T14:25:34","guid":{"rendered":"https:\/\/tv.utalca.cl\/?p=3539"},"modified":"2025-04-11T12:59:07","modified_gmt":"2025-04-11T16:59:07","slug":"hoy-por-hoy-entrevista-pablo-sepulveda-seremi-de-medio-ambiente","status":"publish","type":"post","link":"https:\/\/tv.utalca.cl\/?p=3539","title":{"rendered":"Hoy Por Hoy &#8211; Entrevista a Pablo Sep\u00falveda, seremi de Medio Ambiente"},"content":{"rendered":"<p>En este cap\u00edtulo conversamos con el seremi de Medio Ambiente del Maule sobre el pan de descontaminaci\u00f3n, ley de recicjale y la pr\u00f3xima convenci\u00f3n del cambio clim\u00e1tico.<\/p>\n","protected":false},"excerpt":{"rendered":"<p>En este cap\u00edtulo conversamos con el seremi de Medio Ambiente del Maule sobre el pan de descontaminaci\u00f3n, ley de recicjale y la pr\u00f3xima convenci\u00f3n del cambio clim\u00e1tico.<\/p>\n","protected":false},"author":1,"featured_media":3540,"comment_status":"closed","ping_status":"open","sticky":false,"template":"","format":"video","meta":{"om_disable_all_campaigns":false,"_monsterinsights_skip_tracking":false,"_monsterinsights_sitenote_active":false,"_monsterinsights_sitenote_note":"","_monsterinsights_sitenote_category":0,"footnotes":""},"categories":[76,112],"tags":[851,172,595,850,55,852,83,594,849],"class_list":["post-3539","post","type-post","status-publish","format-video","has-post-thumbnail","hentry","category-hoy-por-hoy","category-programa","tag-calefactores","tag-cambio-climatico","tag-contaminacion","tag-estufas","tag-hoy-por-hoy","tag-humos","tag-medio-ambiente","tag-plan-de-descontaminacion","tag-seremi-de-medio-ambiente","post_format-post-format-video","slider-tags-hoy-por-hoy"],"aioseo_notices":[],"_links":{"self":[{"href":"https:\/\/tv.utalca.cl\/index.php?rest_route=\/wp\/v2\/posts\/3539","targetHints":{"allow":["GET"]}}],"collection":[{"href":"https:\/\/tv.utalca.cl\/index.php?rest_route=\/wp\/v2\/posts"}],"about":[{"href":"https:\/\/tv.utalca.cl\/index.php?rest_route=\/wp\/v2\/types\/post"}],"author":[{"embeddable":true,"href":"https:\/\/tv.utalca.cl\/index.php?rest_route=\/wp\/v2\/users\/1"}],"replies":[{"embeddable":true,"href":"https:\/\/tv.utalca.cl\/index.php?rest_route=%2Fwp%2Fv2%2Fcomments&post=3539"}],"version-history":[{"count":3,"href":"https:\/\/tv.utalca.cl\/index.php?rest_route=\/wp\/v2\/posts\/3539\/revisions"}],"predecessor-version":[{"id":3543,"href":"https:\/\/tv.utalca.cl\/index.php?rest_route=\/wp\/v2\/posts\/3539\/revisions\/3543"}],"wp:featuredmedia":[{"embeddable":true,"href":"https:\/\/tv.utalca.cl\/index.php?rest_route=\/wp\/v2\/media\/3540"}],"wp:attachment":[{"href":"https:\/\/tv.utalca.cl\/index.php?rest_route=%2Fwp%2Fv2%2Fmedia&parent=3539"}],"wp:term":[{"taxonomy":"category","embeddable":true,"href":"https:\/\/tv.utalca.cl\/index.php?rest_route=%2Fwp%2Fv2%2Fcategories&post=3539"},{"taxonomy":"post_tag","embeddable":true,"href":"https:\/\/tv.utalca.cl\/index.php?rest_route=%2Fwp%2Fv2%2Ftags&post=3539"}],"curies":[{"name":"wp","href":"https:\/\/api.w.org\/{rel}","templated":true}]}}