{"id":3557,"date":"2019-06-24T21:46:08","date_gmt":"2019-06-24T21:46:08","guid":{"rendered":"https:\/\/tv.utalca.cl\/?p=3557"},"modified":"2025-04-11T12:59:07","modified_gmt":"2025-04-11T16:59:07","slug":"personas-que-habitan-en-la-calle-recibiran-atencion-medica","status":"publish","type":"post","link":"https:\/\/tv.utalca.cl\/?p=3557","title":{"rendered":"Personas que habitan en la calle recibir\u00e1n atenci\u00f3n m\u00e9dica"},"content":{"rendered":"<p>Es la primera vez que esta medida se aplica en el Maule, a esto se suma la implementaci\u00f3n del C\u00f3digo Azul, una estrategia que opera cuando existen temperaturas extremas. De acuerdo al \u00faltimo Registro Social Calle, cerca de 600 personas viven en esta condici\u00f3n en la Regi\u00f3n.<\/p>\n","protected":false},"excerpt":{"rendered":"<p>Es la primera vez que esta medida se aplica en el Maule, a esto se suma la implementaci\u00f3n del C\u00f3digo Azul, una estrategia que opera cuando existen temperaturas extremas. De acuerdo al \u00faltimo Registro Social Calle, cerca de 600 personas viven en esta condici\u00f3n en la Regi\u00f3n.<\/p>\n","protected":false},"author":1,"featured_media":3558,"comment_status":"closed","ping_status":"open","sticky":false,"template":"","format":"video","meta":{"om_disable_all_campaigns":false,"_monsterinsights_skip_tracking":false,"_monsterinsights_sitenote_active":false,"_monsterinsights_sitenote_note":"","_monsterinsights_sitenote_category":0,"footnotes":""},"categories":[93,92],"tags":[94,692,241,854,81],"class_list":["post-3557","post","type-post","status-publish","format-video","has-post-thumbnail","hentry","category-noticias","category-utalcatv-informa","tag-campustv-informa","tag-invierno","tag-maule","tag-plan-de-invierno","tag-region-del-maule","post_format-post-format-video","slider-tags-campustv-informa","slider-tags-slider","slider-tags-titular"],"aioseo_notices":[],"_links":{"self":[{"href":"https:\/\/tv.utalca.cl\/index.php?rest_route=\/wp\/v2\/posts\/3557","targetHints":{"allow":["GET"]}}],"collection":[{"href":"https:\/\/tv.utalca.cl\/index.php?rest_route=\/wp\/v2\/posts"}],"about":[{"href":"https:\/\/tv.utalca.cl\/index.php?rest_route=\/wp\/v2\/types\/post"}],"author":[{"embeddable":true,"href":"https:\/\/tv.utalca.cl\/index.php?rest_route=\/wp\/v2\/users\/1"}],"replies":[{"embeddable":true,"href":"https:\/\/tv.utalca.cl\/index.php?rest_route=%2Fwp%2Fv2%2Fcomments&post=3557"}],"version-history":[{"count":1,"href":"https:\/\/tv.utalca.cl\/index.php?rest_route=\/wp\/v2\/posts\/3557\/revisions"}],"predecessor-version":[{"id":3559,"href":"https:\/\/tv.utalca.cl\/index.php?rest_route=\/wp\/v2\/posts\/3557\/revisions\/3559"}],"wp:featuredmedia":[{"embeddable":true,"href":"https:\/\/tv.utalca.cl\/index.php?rest_route=\/wp\/v2\/media\/3558"}],"wp:attachment":[{"href":"https:\/\/tv.utalca.cl\/index.php?rest_route=%2Fwp%2Fv2%2Fmedia&parent=3557"}],"wp:term":[{"taxonomy":"category","embeddable":true,"href":"https:\/\/tv.utalca.cl\/index.php?rest_route=%2Fwp%2Fv2%2Fcategories&post=3557"},{"taxonomy":"post_tag","embeddable":true,"href":"https:\/\/tv.utalca.cl\/index.php?rest_route=%2Fwp%2Fv2%2Ftags&post=3557"}],"curies":[{"name":"wp","href":"https:\/\/api.w.org\/{rel}","templated":true}]}}