{"id":3691,"date":"2019-07-22T15:18:43","date_gmt":"2019-07-22T15:18:43","guid":{"rendered":"https:\/\/tv.utalca.cl\/?p=3691"},"modified":"2025-04-11T12:59:53","modified_gmt":"2025-04-11T16:59:53","slug":"hoy-por-hoy-entrevista-a-sandra-gutierrez-coordinadora-unidad-de-promocion-utalca","status":"publish","type":"post","link":"https:\/\/tv.utalca.cl\/?p=3691","title":{"rendered":"Hoy Por Hoy &#8211; Entrevista a Sandra Guti\u00e9rrez, coordinadora unidad de promoci\u00f3n UTalca"},"content":{"rendered":"<p>En este cap\u00edtulo conversamos con la\u00a0coordinadora unidad de promoci\u00f3n UTalca sobre el ensayo PSU que se desarrollar\u00e1 el pr\u00f3ximo 3 de agosto y la iniciativa Abre Puertas de la Universidad de Talca.<\/p>\n","protected":false},"excerpt":{"rendered":"<p>En este cap\u00edtulo conversamos con la\u00a0coordinadora unidad de promoci\u00f3n UTalca sobre el ensayo PSU que se desarrollar\u00e1 el pr\u00f3ximo 3 de agosto y la iniciativa Abre Puertas de la Universidad de Talca.<\/p>\n","protected":false},"author":1,"featured_media":3692,"comment_status":"closed","ping_status":"open","sticky":false,"template":"","format":"video","meta":{"om_disable_all_campaigns":false,"_monsterinsights_skip_tracking":false,"_monsterinsights_sitenote_active":false,"_monsterinsights_sitenote_note":"","_monsterinsights_sitenote_category":0,"footnotes":""},"categories":[76,112],"tags":[926,620,916,55,169,925],"class_list":["post-3691","post","type-post","status-publish","format-video","has-post-thumbnail","hentry","category-hoy-por-hoy","category-programa","tag-abre-puertas-utalca","tag-campustv","tag-ensayo-psu","tag-hoy-por-hoy","tag-psu","tag-sandra-gutierrez","post_format-post-format-video","slider-tags-hoy-por-hoy"],"aioseo_notices":[],"_links":{"self":[{"href":"https:\/\/tv.utalca.cl\/index.php?rest_route=\/wp\/v2\/posts\/3691","targetHints":{"allow":["GET"]}}],"collection":[{"href":"https:\/\/tv.utalca.cl\/index.php?rest_route=\/wp\/v2\/posts"}],"about":[{"href":"https:\/\/tv.utalca.cl\/index.php?rest_route=\/wp\/v2\/types\/post"}],"author":[{"embeddable":true,"href":"https:\/\/tv.utalca.cl\/index.php?rest_route=\/wp\/v2\/users\/1"}],"replies":[{"embeddable":true,"href":"https:\/\/tv.utalca.cl\/index.php?rest_route=%2Fwp%2Fv2%2Fcomments&post=3691"}],"version-history":[{"count":1,"href":"https:\/\/tv.utalca.cl\/index.php?rest_route=\/wp\/v2\/posts\/3691\/revisions"}],"predecessor-version":[{"id":3693,"href":"https:\/\/tv.utalca.cl\/index.php?rest_route=\/wp\/v2\/posts\/3691\/revisions\/3693"}],"wp:featuredmedia":[{"embeddable":true,"href":"https:\/\/tv.utalca.cl\/index.php?rest_route=\/wp\/v2\/media\/3692"}],"wp:attachment":[{"href":"https:\/\/tv.utalca.cl\/index.php?rest_route=%2Fwp%2Fv2%2Fmedia&parent=3691"}],"wp:term":[{"taxonomy":"category","embeddable":true,"href":"https:\/\/tv.utalca.cl\/index.php?rest_route=%2Fwp%2Fv2%2Fcategories&post=3691"},{"taxonomy":"post_tag","embeddable":true,"href":"https:\/\/tv.utalca.cl\/index.php?rest_route=%2Fwp%2Fv2%2Ftags&post=3691"}],"curies":[{"name":"wp","href":"https:\/\/api.w.org\/{rel}","templated":true}]}}