{"id":3713,"date":"2019-07-24T22:38:39","date_gmt":"2019-07-24T22:38:39","guid":{"rendered":"https:\/\/tv.utalca.cl\/?p=3713"},"modified":"2025-04-11T12:59:52","modified_gmt":"2025-04-11T16:59:52","slug":"preparan-gran-concierto-de-opera-la-flauta-magica","status":"publish","type":"post","link":"https:\/\/tv.utalca.cl\/?p=3713","title":{"rendered":"Preparan gran concierto de \u00f3pera: La Flauta M\u00e1gica"},"content":{"rendered":"<p>Estudiantes y acad\u00e9micos de la Facultad de Arquitectura, M\u00fasica y Dise\u00f1o, se unieron para trabajar en este proyecto, la actividad se realizar\u00e1 el 13 de agosto en el Aula Magna de la Casa de Estudios.<\/p>\n","protected":false},"excerpt":{"rendered":"<p>Estudiantes y acad\u00e9micos de la Facultad de Arquitectura, M\u00fasica y Dise\u00f1o, se unieron para trabajar en este proyecto, la actividad se realizar\u00e1 el 13 de agosto en el Aula Magna de la Casa de Estudios.<\/p>\n","protected":false},"author":1,"featured_media":3714,"comment_status":"closed","ping_status":"open","sticky":false,"template":"","format":"video","meta":{"om_disable_all_campaigns":false,"_monsterinsights_skip_tracking":false,"_monsterinsights_sitenote_active":false,"_monsterinsights_sitenote_note":"","_monsterinsights_sitenote_category":0,"footnotes":""},"categories":[93,92],"tags":[94,940,380,938,939],"class_list":["post-3713","post","type-post","status-publish","format-video","has-post-thumbnail","hentry","category-noticias","category-utalcatv-informa","tag-campustv-informa","tag-cultura","tag-direccion-de-extension-artistica-cultural","tag-la-flauta-magica","tag-opera","post_format-post-format-video","slider-tags-campustv-informa","slider-tags-slider","slider-tags-titular"],"aioseo_notices":[],"_links":{"self":[{"href":"https:\/\/tv.utalca.cl\/index.php?rest_route=\/wp\/v2\/posts\/3713","targetHints":{"allow":["GET"]}}],"collection":[{"href":"https:\/\/tv.utalca.cl\/index.php?rest_route=\/wp\/v2\/posts"}],"about":[{"href":"https:\/\/tv.utalca.cl\/index.php?rest_route=\/wp\/v2\/types\/post"}],"author":[{"embeddable":true,"href":"https:\/\/tv.utalca.cl\/index.php?rest_route=\/wp\/v2\/users\/1"}],"replies":[{"embeddable":true,"href":"https:\/\/tv.utalca.cl\/index.php?rest_route=%2Fwp%2Fv2%2Fcomments&post=3713"}],"version-history":[{"count":1,"href":"https:\/\/tv.utalca.cl\/index.php?rest_route=\/wp\/v2\/posts\/3713\/revisions"}],"predecessor-version":[{"id":3715,"href":"https:\/\/tv.utalca.cl\/index.php?rest_route=\/wp\/v2\/posts\/3713\/revisions\/3715"}],"wp:featuredmedia":[{"embeddable":true,"href":"https:\/\/tv.utalca.cl\/index.php?rest_route=\/wp\/v2\/media\/3714"}],"wp:attachment":[{"href":"https:\/\/tv.utalca.cl\/index.php?rest_route=%2Fwp%2Fv2%2Fmedia&parent=3713"}],"wp:term":[{"taxonomy":"category","embeddable":true,"href":"https:\/\/tv.utalca.cl\/index.php?rest_route=%2Fwp%2Fv2%2Fcategories&post=3713"},{"taxonomy":"post_tag","embeddable":true,"href":"https:\/\/tv.utalca.cl\/index.php?rest_route=%2Fwp%2Fv2%2Ftags&post=3713"}],"curies":[{"name":"wp","href":"https:\/\/api.w.org\/{rel}","templated":true}]}}