{"id":3726,"date":"2019-07-29T16:12:21","date_gmt":"2019-07-29T16:12:21","guid":{"rendered":"https:\/\/tv.utalca.cl\/?p=3726"},"modified":"2025-04-11T12:59:52","modified_gmt":"2025-04-11T16:59:52","slug":"hoy-por-hoy-entrevista-a-jorge-guzman-seremi-de-gobierno-region-del-maule","status":"publish","type":"post","link":"https:\/\/tv.utalca.cl\/?p=3726","title":{"rendered":"Hoy Por Hoy &#8211; Entrevista a Jorge Guzm\u00e1n, seremi de Gobierno Regi\u00f3n del Maule"},"content":{"rendered":"<p>En este cap\u00edtulo conversamos con el seremi de Gobierno en el marco de la celebraci\u00f3n\u00a0 del D\u00eda de la Regi\u00f3n del Maule 2019.<\/p>\n","protected":false},"excerpt":{"rendered":"<p>En este cap\u00edtulo conversamos con el seremi de Gobierno en el marco de la celebraci\u00f3n\u00a0 del D\u00eda de la Regi\u00f3n del Maule 2019.<\/p>\n","protected":false},"author":1,"featured_media":3727,"comment_status":"closed","ping_status":"open","sticky":false,"template":"","format":"video","meta":{"om_disable_all_campaigns":false,"_monsterinsights_skip_tracking":false,"_monsterinsights_sitenote_active":false,"_monsterinsights_sitenote_note":"","_monsterinsights_sitenote_category":0,"footnotes":""},"categories":[76,112],"tags":[948,55,241,81,82,259,947],"class_list":["post-3726","post","type-post","status-publish","format-video","has-post-thumbnail","hentry","category-hoy-por-hoy","category-programa","tag-dia-de-la-region-del-maule","tag-hoy-por-hoy","tag-maule","tag-region-del-maule","tag-seremi","tag-seremi-de-gobierno","tag-seremi-de-gobierno-maule","post_format-post-format-video","slider-tags-hoy-por-hoy"],"aioseo_notices":[],"_links":{"self":[{"href":"https:\/\/tv.utalca.cl\/index.php?rest_route=\/wp\/v2\/posts\/3726","targetHints":{"allow":["GET"]}}],"collection":[{"href":"https:\/\/tv.utalca.cl\/index.php?rest_route=\/wp\/v2\/posts"}],"about":[{"href":"https:\/\/tv.utalca.cl\/index.php?rest_route=\/wp\/v2\/types\/post"}],"author":[{"embeddable":true,"href":"https:\/\/tv.utalca.cl\/index.php?rest_route=\/wp\/v2\/users\/1"}],"replies":[{"embeddable":true,"href":"https:\/\/tv.utalca.cl\/index.php?rest_route=%2Fwp%2Fv2%2Fcomments&post=3726"}],"version-history":[{"count":1,"href":"https:\/\/tv.utalca.cl\/index.php?rest_route=\/wp\/v2\/posts\/3726\/revisions"}],"predecessor-version":[{"id":3728,"href":"https:\/\/tv.utalca.cl\/index.php?rest_route=\/wp\/v2\/posts\/3726\/revisions\/3728"}],"wp:featuredmedia":[{"embeddable":true,"href":"https:\/\/tv.utalca.cl\/index.php?rest_route=\/wp\/v2\/media\/3727"}],"wp:attachment":[{"href":"https:\/\/tv.utalca.cl\/index.php?rest_route=%2Fwp%2Fv2%2Fmedia&parent=3726"}],"wp:term":[{"taxonomy":"category","embeddable":true,"href":"https:\/\/tv.utalca.cl\/index.php?rest_route=%2Fwp%2Fv2%2Fcategories&post=3726"},{"taxonomy":"post_tag","embeddable":true,"href":"https:\/\/tv.utalca.cl\/index.php?rest_route=%2Fwp%2Fv2%2Ftags&post=3726"}],"curies":[{"name":"wp","href":"https:\/\/api.w.org\/{rel}","templated":true}]}}