{"id":3731,"date":"2019-07-29T22:59:05","date_gmt":"2019-07-29T22:59:05","guid":{"rendered":"https:\/\/tv.utalca.cl\/?p=3731"},"modified":"2025-04-11T12:59:52","modified_gmt":"2025-04-11T16:59:52","slug":"avanza-proyecto-de-ley-que-crea-el-servicio-de-biodiversidad-y-areas-protegidas","status":"publish","type":"post","link":"https:\/\/tv.utalca.cl\/?p=3731","title":{"rendered":"Avanza proyecto de ley que crea el Servicio de Biodiversidad y \u00c1reas Protegidas"},"content":{"rendered":"<p>La iniciativa que buscar crear una entidad p\u00fablica que impulse la conservaci\u00f3n de la biodiversidad del pa\u00eds fue aprobada por el Senado, ahora su discusi\u00f3n continuar\u00e1 en la c\u00e1mara baja.<\/p>\n","protected":false},"excerpt":{"rendered":"<p>La iniciativa que buscar crear una entidad p\u00fablica que impulse la conservaci\u00f3n de la biodiversidad del pa\u00eds fue aprobada por el Senado, ahora su discusi\u00f3n continuar\u00e1 en la c\u00e1mara baja.<\/p>\n","protected":false},"author":1,"featured_media":3732,"comment_status":"closed","ping_status":"open","sticky":false,"template":"","format":"video","meta":{"om_disable_all_campaigns":false,"_monsterinsights_skip_tracking":false,"_monsterinsights_sitenote_active":false,"_monsterinsights_sitenote_note":"","_monsterinsights_sitenote_category":0,"footnotes":""},"categories":[93,92],"tags":[413,950,949,94,951],"class_list":["post-3731","post","type-post","status-publish","format-video","has-post-thumbnail","hentry","category-noticias","category-utalcatv-informa","tag-7-tazas","tag-areas-protegidas","tag-biodiversidad","tag-campustv-informa","tag-naturaleza","post_format-post-format-video","slider-tags-campustv-informa","slider-tags-slider","slider-tags-titular"],"aioseo_notices":[],"_links":{"self":[{"href":"https:\/\/tv.utalca.cl\/index.php?rest_route=\/wp\/v2\/posts\/3731","targetHints":{"allow":["GET"]}}],"collection":[{"href":"https:\/\/tv.utalca.cl\/index.php?rest_route=\/wp\/v2\/posts"}],"about":[{"href":"https:\/\/tv.utalca.cl\/index.php?rest_route=\/wp\/v2\/types\/post"}],"author":[{"embeddable":true,"href":"https:\/\/tv.utalca.cl\/index.php?rest_route=\/wp\/v2\/users\/1"}],"replies":[{"embeddable":true,"href":"https:\/\/tv.utalca.cl\/index.php?rest_route=%2Fwp%2Fv2%2Fcomments&post=3731"}],"version-history":[{"count":1,"href":"https:\/\/tv.utalca.cl\/index.php?rest_route=\/wp\/v2\/posts\/3731\/revisions"}],"predecessor-version":[{"id":3733,"href":"https:\/\/tv.utalca.cl\/index.php?rest_route=\/wp\/v2\/posts\/3731\/revisions\/3733"}],"wp:featuredmedia":[{"embeddable":true,"href":"https:\/\/tv.utalca.cl\/index.php?rest_route=\/wp\/v2\/media\/3732"}],"wp:attachment":[{"href":"https:\/\/tv.utalca.cl\/index.php?rest_route=%2Fwp%2Fv2%2Fmedia&parent=3731"}],"wp:term":[{"taxonomy":"category","embeddable":true,"href":"https:\/\/tv.utalca.cl\/index.php?rest_route=%2Fwp%2Fv2%2Fcategories&post=3731"},{"taxonomy":"post_tag","embeddable":true,"href":"https:\/\/tv.utalca.cl\/index.php?rest_route=%2Fwp%2Fv2%2Ftags&post=3731"}],"curies":[{"name":"wp","href":"https:\/\/api.w.org\/{rel}","templated":true}]}}