{"id":3764,"date":"2019-08-07T20:32:18","date_gmt":"2019-08-07T20:32:18","guid":{"rendered":"https:\/\/tv.utalca.cl\/?p=3764"},"modified":"2025-04-11T12:59:51","modified_gmt":"2025-04-11T16:59:51","slug":"conozca-la-nueva-galeria-de-arte-nuga-y-el-parque-de-las-esculturas-de-la-utalca","status":"publish","type":"post","link":"https:\/\/tv.utalca.cl\/?p=3764","title":{"rendered":"Panoramas del Maule &#8211; Conoce la Nueva Galer\u00eda de Arte Nuga y el Parque de las Esculturas UTalca"},"content":{"rendered":"<p>Conoce estos espacios que est\u00e1n abiertos de forma gratuita a la comunidad y durante todo el a\u00f1o.<\/p>\n","protected":false},"excerpt":{"rendered":"<p>Conoce estos espacios que est\u00e1n abiertos de forma gratuita a la comunidad y durante todo el a\u00f1o.<\/p>\n","protected":false},"author":1,"featured_media":3765,"comment_status":"closed","ping_status":"open","sticky":false,"template":"","format":"video","meta":{"om_disable_all_campaigns":false,"_monsterinsights_skip_tracking":false,"_monsterinsights_sitenote_active":false,"_monsterinsights_sitenote_note":"","_monsterinsights_sitenote_category":0,"footnotes":""},"categories":[103,112],"tags":[380,692,967,132,105,762,70],"class_list":["post-3764","post","type-post","status-publish","format-video","has-post-thumbnail","hentry","category-panoramas-del-maule","category-programa","tag-direccion-de-extension-artistica-cultural","tag-invierno","tag-nueva-galeria-de-arte","tag-nuga","tag-panoramas-del-maule","tag-parque-de-las-esculturas","tag-utalca","post_format-post-format-video","slider-tags-panoramas-del-maule"],"aioseo_notices":[],"_links":{"self":[{"href":"https:\/\/tv.utalca.cl\/index.php?rest_route=\/wp\/v2\/posts\/3764","targetHints":{"allow":["GET"]}}],"collection":[{"href":"https:\/\/tv.utalca.cl\/index.php?rest_route=\/wp\/v2\/posts"}],"about":[{"href":"https:\/\/tv.utalca.cl\/index.php?rest_route=\/wp\/v2\/types\/post"}],"author":[{"embeddable":true,"href":"https:\/\/tv.utalca.cl\/index.php?rest_route=\/wp\/v2\/users\/1"}],"replies":[{"embeddable":true,"href":"https:\/\/tv.utalca.cl\/index.php?rest_route=%2Fwp%2Fv2%2Fcomments&post=3764"}],"version-history":[{"count":4,"href":"https:\/\/tv.utalca.cl\/index.php?rest_route=\/wp\/v2\/posts\/3764\/revisions"}],"predecessor-version":[{"id":3769,"href":"https:\/\/tv.utalca.cl\/index.php?rest_route=\/wp\/v2\/posts\/3764\/revisions\/3769"}],"wp:featuredmedia":[{"embeddable":true,"href":"https:\/\/tv.utalca.cl\/index.php?rest_route=\/wp\/v2\/media\/3765"}],"wp:attachment":[{"href":"https:\/\/tv.utalca.cl\/index.php?rest_route=%2Fwp%2Fv2%2Fmedia&parent=3764"}],"wp:term":[{"taxonomy":"category","embeddable":true,"href":"https:\/\/tv.utalca.cl\/index.php?rest_route=%2Fwp%2Fv2%2Fcategories&post=3764"},{"taxonomy":"post_tag","embeddable":true,"href":"https:\/\/tv.utalca.cl\/index.php?rest_route=%2Fwp%2Fv2%2Ftags&post=3764"}],"curies":[{"name":"wp","href":"https:\/\/api.w.org\/{rel}","templated":true}]}}