{"id":3777,"date":"2019-08-08T17:22:10","date_gmt":"2019-08-08T17:22:10","guid":{"rendered":"https:\/\/tv.utalca.cl\/?p=3777"},"modified":"2025-04-11T12:59:51","modified_gmt":"2025-04-11T16:59:51","slug":"pablo-simonetti-participo-de-conversatorios-culturales-en-la-utalca","status":"publish","type":"post","link":"https:\/\/tv.utalca.cl\/?p=3777","title":{"rendered":"Pablo Simonetti particip\u00f3 de Conversatorios Culturales en la UTalca"},"content":{"rendered":"<p>El destacado escritor nacional abri\u00f3 este importante ciclo que organiza la Editorial de la Casa de Estudios. Durante los pr\u00f3ximos meses se continuar\u00e1 desarrollando esta actividad que contempla nuevos invitados.<\/p>\n","protected":false},"excerpt":{"rendered":"<p>El destacado escritor nacional abri\u00f3 este importante ciclo que organiza la Editorial de la Casa de Estudios. Durante los pr\u00f3ximos meses se continuar\u00e1 desarrollando esta actividad que contempla nuevos invitados.<\/p>\n","protected":false},"author":1,"featured_media":3778,"comment_status":"closed","ping_status":"open","sticky":false,"template":"","format":"video","meta":{"om_disable_all_campaigns":false,"_monsterinsights_skip_tracking":false,"_monsterinsights_sitenote_active":false,"_monsterinsights_sitenote_note":"","_monsterinsights_sitenote_category":0,"footnotes":""},"categories":[93,92],"tags":[453,447,968,70],"class_list":["post-3777","post","type-post","status-publish","format-video","has-post-thumbnail","hentry","category-noticias","category-utalcatv-informa","tag-conversatorios-culturales","tag-editorial-utalca","tag-pablo-simonetti","tag-utalca","post_format-post-format-video","slider-tags-campustv-informa","slider-tags-slider","slider-tags-titular"],"aioseo_notices":[],"_links":{"self":[{"href":"https:\/\/tv.utalca.cl\/index.php?rest_route=\/wp\/v2\/posts\/3777","targetHints":{"allow":["GET"]}}],"collection":[{"href":"https:\/\/tv.utalca.cl\/index.php?rest_route=\/wp\/v2\/posts"}],"about":[{"href":"https:\/\/tv.utalca.cl\/index.php?rest_route=\/wp\/v2\/types\/post"}],"author":[{"embeddable":true,"href":"https:\/\/tv.utalca.cl\/index.php?rest_route=\/wp\/v2\/users\/1"}],"replies":[{"embeddable":true,"href":"https:\/\/tv.utalca.cl\/index.php?rest_route=%2Fwp%2Fv2%2Fcomments&post=3777"}],"version-history":[{"count":1,"href":"https:\/\/tv.utalca.cl\/index.php?rest_route=\/wp\/v2\/posts\/3777\/revisions"}],"predecessor-version":[{"id":3779,"href":"https:\/\/tv.utalca.cl\/index.php?rest_route=\/wp\/v2\/posts\/3777\/revisions\/3779"}],"wp:featuredmedia":[{"embeddable":true,"href":"https:\/\/tv.utalca.cl\/index.php?rest_route=\/wp\/v2\/media\/3778"}],"wp:attachment":[{"href":"https:\/\/tv.utalca.cl\/index.php?rest_route=%2Fwp%2Fv2%2Fmedia&parent=3777"}],"wp:term":[{"taxonomy":"category","embeddable":true,"href":"https:\/\/tv.utalca.cl\/index.php?rest_route=%2Fwp%2Fv2%2Fcategories&post=3777"},{"taxonomy":"post_tag","embeddable":true,"href":"https:\/\/tv.utalca.cl\/index.php?rest_route=%2Fwp%2Fv2%2Ftags&post=3777"}],"curies":[{"name":"wp","href":"https:\/\/api.w.org\/{rel}","templated":true}]}}